{"id":881,"date":"2012-12-25T11:24:00","date_gmt":"2012-12-25T09:24:00","guid":{"rendered":"http:\/\/stephane.weblog.starend.org\/?p=881"},"modified":"2012-12-25T11:24:00","modified_gmt":"2012-12-25T09:24:00","slug":"photos-de-la-tour-eiffel","status":"publish","type":"post","link":"http:\/\/stephane.weblog.starend.org\/?p=881","title":{"rendered":"Photos de la Tour Eiffel"},"content":{"rendered":"<p>On a fait une petite balade avant-hier du c\u00f4t\u00e9 du Trocad\u00e9ro et de la Tour eiffel.<\/p>\n<p style=\"text-align: center;\"><img decoding=\"async\" loading=\"lazy\" class=\"alignnone\" title=\"La lune et la tour\" src=\"http:\/\/balade.starend.org\/balades\/2012.12.23_Paris_-_Tour_Eiffel\/visuels\/img_6135nb.jpg.jpg\" alt=\"\" width=\"450\" height=\"450\" \/><\/p>\n<p style=\"text-align: left;\">Les photos en ligne : <a title=\"http:\/\/balade.starend.org\/balade.php?balade=2012.12.23_Paris_-_Tour_Eiffel\" href=\"http:\/\/balade.starend.org\/balade.php?balade=2012.12.23_Paris_-_Tour_Eiffel\" target=\"_blank\">http:\/\/balade.starend.org\/balade.php?balade=2012.12.23_Paris_-_Tour_Eiffel<\/a><\/p>\n","protected":false},"excerpt":{"rendered":"<p>On a fait une petite balade avant-hier du c\u00f4t\u00e9 du Trocad\u00e9ro et de la Tour eiffel. Les photos en ligne : http:\/\/balade.starend.org\/balade.php?balade=2012.12.23_Paris_-_Tour_Eiffel<\/p>\n","protected":false},"author":2,"featured_media":0,"comment_status":"open","ping_status":"open","sticky":false,"template":"","format":"standard","meta":[],"categories":[38,19],"tags":[387],"_links":{"self":[{"href":"http:\/\/stephane.weblog.starend.org\/index.php?rest_route=\/wp\/v2\/posts\/881"}],"collection":[{"href":"http:\/\/stephane.weblog.starend.org\/index.php?rest_route=\/wp\/v2\/posts"}],"about":[{"href":"http:\/\/stephane.weblog.starend.org\/index.php?rest_route=\/wp\/v2\/types\/post"}],"author":[{"embeddable":true,"href":"http:\/\/stephane.weblog.starend.org\/index.php?rest_route=\/wp\/v2\/users\/2"}],"replies":[{"embeddable":true,"href":"http:\/\/stephane.weblog.starend.org\/index.php?rest_route=%2Fwp%2Fv2%2Fcomments&post=881"}],"version-history":[{"count":0,"href":"http:\/\/stephane.weblog.starend.org\/index.php?rest_route=\/wp\/v2\/posts\/881\/revisions"}],"wp:attachment":[{"href":"http:\/\/stephane.weblog.starend.org\/index.php?rest_route=%2Fwp%2Fv2%2Fmedia&parent=881"}],"wp:term":[{"taxonomy":"category","embeddable":true,"href":"http:\/\/stephane.weblog.starend.org\/index.php?rest_route=%2Fwp%2Fv2%2Fcategories&post=881"},{"taxonomy":"post_tag","embeddable":true,"href":"http:\/\/stephane.weblog.starend.org\/index.php?rest_route=%2Fwp%2Fv2%2Ftags&post=881"}],"curies":[{"name":"wp","href":"https:\/\/api.w.org\/{rel}","templated":true}]}}