{"id":87,"date":"2011-03-05T16:18:25","date_gmt":"2011-03-05T14:18:25","guid":{"rendered":"http:\/\/stephane.weblog.starend.org\/?p=87"},"modified":"2011-03-05T16:18:25","modified_gmt":"2011-03-05T14:18:25","slug":"sortie-a-bogota","status":"publish","type":"post","link":"http:\/\/stephane.weblog.starend.org\/?p=87","title":{"rendered":"03\/04\/2011 Sortie \u00e0 Bogota"},"content":{"rendered":"<p>Notre premi\u00e8re sortie \u00e0 Bogota.<!--more--><\/p>\n<p style=\"text-align: center;\"><a href=\"http:\/\/stephane.weblog.starend.org\/wp-uploads\/stephane\/2011\/03\/colombie_img2559.jpg\"><img decoding=\"async\" loading=\"lazy\" class=\"alignnone size-medium wp-image-88\" title=\"colombie_img2559\" src=\"http:\/\/stephane.weblog.starend.org\/wp-uploads\/stephane\/2011\/03\/colombie_img2559-300x199.jpg\" alt=\"\" width=\"300\" height=\"199\" \/><\/a><br \/>\nRue du nord de Bogota.<\/p>\n<p style=\"text-align: center;\"><a href=\"http:\/\/stephane.weblog.starend.org\/wp-uploads\/stephane\/2011\/03\/colombie_img2562co.jpg\"><img decoding=\"async\" loading=\"lazy\" class=\"alignnone size-medium wp-image-89\" title=\"colombie_img2562co\" src=\"http:\/\/stephane.weblog.starend.org\/wp-uploads\/stephane\/2011\/03\/colombie_img2562co-300x199.jpg\" alt=\"\" width=\"300\" height=\"199\" \/><\/a><br \/>\nLes fils \u00e9lectriques&#8230;<\/p>\n<p style=\"text-align: center;\"><a href=\"http:\/\/stephane.weblog.starend.org\/wp-uploads\/stephane\/2011\/03\/colombie_img2566.jpg\"><img decoding=\"async\" loading=\"lazy\" class=\"alignnone size-medium wp-image-90\" title=\"colombie_img2566\" src=\"http:\/\/stephane.weblog.starend.org\/wp-uploads\/stephane\/2011\/03\/colombie_img2566-300x199.jpg\" alt=\"\" width=\"300\" height=\"199\" \/><\/a><br \/>\nRepas en famille \u00e0 l&rsquo;ext\u00e9rieur.<\/p>\n<p style=\"text-align: center;\"><a href=\"http:\/\/stephane.weblog.starend.org\/wp-uploads\/stephane\/2011\/03\/colombie_img2568.jpg\"><img decoding=\"async\" loading=\"lazy\" class=\"alignnone size-medium wp-image-91\" title=\"colombie_img2568\" src=\"http:\/\/stephane.weblog.starend.org\/wp-uploads\/stephane\/2011\/03\/colombie_img2568-300x199.jpg\" alt=\"\" width=\"300\" height=\"199\" \/><\/a><br \/>\nRepas en famille \u00e0 l&rsquo;ext\u00e9rieur.<\/p>\n<p style=\"text-align: center;\"><a href=\"http:\/\/stephane.weblog.starend.org\/wp-uploads\/stephane\/2011\/03\/colombie_img2574.jpg\"><img decoding=\"async\" loading=\"lazy\" class=\"alignnone size-medium wp-image-92\" title=\"colombie_img2574\" src=\"http:\/\/stephane.weblog.starend.org\/wp-uploads\/stephane\/2011\/03\/colombie_img2574-300x199.jpg\" alt=\"\" width=\"300\" height=\"199\" \/><\/a><br \/>\nUn des grands axes routier de Bogota.<\/p>\n<p style=\"text-align: center;\"><a href=\"http:\/\/stephane.weblog.starend.org\/wp-uploads\/stephane\/2011\/03\/colombie_img2578.jpg\"><img decoding=\"async\" loading=\"lazy\" class=\"alignnone size-medium wp-image-93\" title=\"colombie_img2578\" src=\"http:\/\/stephane.weblog.starend.org\/wp-uploads\/stephane\/2011\/03\/colombie_img2578-300x199.jpg\" alt=\"\" width=\"300\" height=\"199\" \/><\/a><br \/>\nChangement de poteau \u00e9lectrique.<\/p>\n<p style=\"text-align: center;\"><a href=\"http:\/\/stephane.weblog.starend.org\/wp-uploads\/stephane\/2011\/03\/colombie_img2581.jpg\"><img decoding=\"async\" loading=\"lazy\" class=\"alignnone size-medium wp-image-94\" title=\"colombie_img2581\" src=\"http:\/\/stephane.weblog.starend.org\/wp-uploads\/stephane\/2011\/03\/colombie_img2581-300x199.jpg\" alt=\"\" width=\"300\" height=\"199\" \/><\/a><br \/>\nMaya.<\/p>\n<p style=\"text-align: center;\"><a href=\"http:\/\/stephane.weblog.starend.org\/wp-uploads\/stephane\/2011\/03\/colombie_img2584.jpg\"><img decoding=\"async\" class=\"alignnone size-medium wp-image-95\" title=\"colombie_img2584\" src=\"http:\/\/stephane.weblog.starend.org\/wp-uploads\/stephane\/2011\/03\/colombie_img2584.jpg\" alt=\"\" \/><\/a><br \/>\nDiana et son p\u00e8re.<\/p>\n<p style=\"text-align: center;\"><a href=\"http:\/\/stephane.weblog.starend.org\/wp-uploads\/stephane\/2011\/03\/colombie_img2588.jpg\"><img decoding=\"async\" class=\"alignnone size-medium wp-image-96\" title=\"colombie_img2588\" src=\"http:\/\/stephane.weblog.starend.org\/wp-uploads\/stephane\/2011\/03\/colombie_img2588.jpg\" alt=\"\" \/><\/a><br \/>\nDiana et sa m\u00e8re.<\/p>\n<p style=\"text-align: center;\"><a href=\"http:\/\/stephane.weblog.starend.org\/wp-uploads\/stephane\/2011\/03\/colombie_img2595.jpg\"><img decoding=\"async\" class=\"alignnone size-medium wp-image-97\" title=\"colombie_img2595\" src=\"http:\/\/stephane.weblog.starend.org\/wp-uploads\/stephane\/2011\/03\/colombie_img2595.jpg\" alt=\"\" \/><\/a><br \/>\nDiana et moi.<\/p>\n<p style=\"text-align: center;\">\n","protected":false},"excerpt":{"rendered":"<p>Notre premi\u00e8re sortie \u00e0 Bogota.<\/p>\n","protected":false},"author":2,"featured_media":0,"comment_status":"open","ping_status":"open","sticky":false,"template":"","format":"standard","meta":[],"categories":[40,28],"tags":[97],"_links":{"self":[{"href":"http:\/\/stephane.weblog.starend.org\/index.php?rest_route=\/wp\/v2\/posts\/87"}],"collection":[{"href":"http:\/\/stephane.weblog.starend.org\/index.php?rest_route=\/wp\/v2\/posts"}],"about":[{"href":"http:\/\/stephane.weblog.starend.org\/index.php?rest_route=\/wp\/v2\/types\/post"}],"author":[{"embeddable":true,"href":"http:\/\/stephane.weblog.starend.org\/index.php?rest_route=\/wp\/v2\/users\/2"}],"replies":[{"embeddable":true,"href":"http:\/\/stephane.weblog.starend.org\/index.php?rest_route=%2Fwp%2Fv2%2Fcomments&post=87"}],"version-history":[{"count":0,"href":"http:\/\/stephane.weblog.starend.org\/index.php?rest_route=\/wp\/v2\/posts\/87\/revisions"}],"wp:attachment":[{"href":"http:\/\/stephane.weblog.starend.org\/index.php?rest_route=%2Fwp%2Fv2%2Fmedia&parent=87"}],"wp:term":[{"taxonomy":"category","embeddable":true,"href":"http:\/\/stephane.weblog.starend.org\/index.php?rest_route=%2Fwp%2Fv2%2Fcategories&post=87"},{"taxonomy":"post_tag","embeddable":true,"href":"http:\/\/stephane.weblog.starend.org\/index.php?rest_route=%2Fwp%2Fv2%2Ftags&post=87"}],"curies":[{"name":"wp","href":"https:\/\/api.w.org\/{rel}","templated":true}]}}