{"id":74,"date":"2011-03-03T18:38:53","date_gmt":"2011-03-03T16:38:53","guid":{"rendered":"http:\/\/stephane.weblog.starend.org\/?p=74"},"modified":"2011-03-03T18:38:53","modified_gmt":"2011-03-03T16:38:53","slug":"vol-paris-bogota","status":"publish","type":"post","link":"http:\/\/stephane.weblog.starend.org\/?p=74","title":{"rendered":"Vol Paris-Bogota"},"content":{"rendered":"<p style=\"text-align: center;\">Quelques photos du voyage de Paris vers Bogota.<\/p>\n<p style=\"text-align: center;\"><a href=\"http:\/\/stephane.weblog.starend.org\/wp-uploads\/stephane\/2011\/03\/colombie_img2506.jpg\"><!--more--><img decoding=\"async\" class=\"alignnone size-medium wp-image-75\" title=\"colombie_img2506\" src=\"http:\/\/stephane.weblog.starend.org\/wp-uploads\/stephane\/2011\/03\/colombie_img2506.jpg\" alt=\"\" \/><\/a><br \/>\nD\u00e9part de Malakoff, 6h00 (heure de Paris)<\/p>\n<p style=\"text-align: center;\"><a href=\"http:\/\/stephane.weblog.starend.org\/wp-uploads\/stephane\/2011\/03\/colombie_img2508.jpg\"><img decoding=\"async\" class=\"alignnone size-medium wp-image-76\" title=\"colombie_img2508\" src=\"http:\/\/stephane.weblog.starend.org\/wp-uploads\/stephane\/2011\/03\/colombie_img2508.jpg\" alt=\"\" \/><\/a><br \/>\nAttente du m\u00e9tro.<\/p>\n<p style=\"text-align: center;\"><a href=\"http:\/\/stephane.weblog.starend.org\/wp-uploads\/stephane\/2011\/03\/colombie_img2510co.jpg\"><img decoding=\"async\" class=\"alignnone size-medium wp-image-77\" title=\"colombie_img2510co\" src=\"http:\/\/stephane.weblog.starend.org\/wp-uploads\/stephane\/2011\/03\/colombie_img2510co.jpg\" alt=\"\" \/><\/a><br \/>\nL&rsquo;avion pour Madrid.<\/p>\n<p style=\"text-align: center;\"><a href=\"http:\/\/stephane.weblog.starend.org\/wp-uploads\/stephane\/2011\/03\/colombie_img2514.jpg\"><img decoding=\"async\" class=\"alignnone size-medium wp-image-78\" title=\"colombie_img2514\" src=\"http:\/\/stephane.weblog.starend.org\/wp-uploads\/stephane\/2011\/03\/colombie_img2514.jpg\" alt=\"\" \/><\/a><br \/>\nVol vers Madrid.<\/p>\n<p style=\"text-align: center;\"><a href=\"http:\/\/stephane.weblog.starend.org\/wp-uploads\/stephane\/2011\/03\/colombie_img2531.jpg\"><img decoding=\"async\" class=\"alignnone size-medium wp-image-79\" title=\"colombie_img2531\" src=\"http:\/\/stephane.weblog.starend.org\/wp-uploads\/stephane\/2011\/03\/colombie_img2531.jpg\" alt=\"\" \/><\/a><br \/>\nA\u00e9roport Barajas, Madrid.<\/p>\n<p style=\"text-align: center;\"><a href=\"http:\/\/stephane.weblog.starend.org\/wp-uploads\/stephane\/2011\/03\/colombie_img2539.jpg\"><img decoding=\"async\" class=\"alignnone size-medium wp-image-80\" title=\"colombie_img2539\" src=\"http:\/\/stephane.weblog.starend.org\/wp-uploads\/stephane\/2011\/03\/colombie_img2539.jpg\" alt=\"\" \/><\/a><br \/>\nRepas.<\/p>\n<p style=\"text-align: center;\"><a href=\"http:\/\/stephane.weblog.starend.org\/wp-uploads\/stephane\/2011\/03\/colombie_img2544.jpg\"><img decoding=\"async\" class=\"alignnone size-medium wp-image-81\" title=\"colombie_img2544\" src=\"http:\/\/stephane.weblog.starend.org\/wp-uploads\/stephane\/2011\/03\/colombie_img2544.jpg\" alt=\"\" \/><\/a><br \/>\nL&rsquo;avion pour Bogota 14h30 (heure de Paris).<br \/>\nNoter le petit drapeau Colombien sur le nez.<\/p>\n<p style=\"text-align: center;\">Embarquement \u00e0 15h (heure de Paris).<\/p>\n<p style=\"text-align: center;\"><a href=\"http:\/\/stephane.weblog.starend.org\/wp-uploads\/stephane\/2011\/03\/colombie_img2548.jpg\"><img decoding=\"async\" class=\"alignnone size-medium wp-image-82\" title=\"colombie_img2548\" src=\"http:\/\/stephane.weblog.starend.org\/wp-uploads\/stephane\/2011\/03\/colombie_img2548.jpg\" alt=\"\" \/><\/a><br \/>\nD\u00e9collage vers Bogota, 16h35 (heure de Paris).<\/p>\n<p style=\"text-align: center;\"><a href=\"http:\/\/stephane.weblog.starend.org\/wp-uploads\/stephane\/2011\/03\/colombie_img2553.jpg\"><img decoding=\"async\" class=\"alignnone size-medium wp-image-83\" title=\"colombie_img2553\" src=\"http:\/\/stephane.weblog.starend.org\/wp-uploads\/stephane\/2011\/03\/colombie_img2553.jpg\" alt=\"\" \/><\/a><br \/>\nEn vol&#8230;<\/p>\n<p style=\"text-align: center;\"><a href=\"http:\/\/stephane.weblog.starend.org\/wp-uploads\/stephane\/2011\/03\/colombie_img2554.jpg\"><img decoding=\"async\" class=\"alignnone size-medium wp-image-84\" title=\"colombie_img2554\" src=\"http:\/\/stephane.weblog.starend.org\/wp-uploads\/stephane\/2011\/03\/colombie_img2554.jpg\" alt=\"\" \/><\/a><br \/>\nEn vol&#8230;<\/p>\n<p style=\"text-align: center;\">Atterrissage \u00e0 Bogota \u00e0 21h00 (heure de Bogota soit 3h \u00e0 Paris).<\/p>\n<p style=\"text-align: center;\"><a href=\"http:\/\/stephane.weblog.starend.org\/wp-uploads\/stephane\/2011\/03\/colombie_img2556.jpg\"><img decoding=\"async\" class=\"alignnone size-medium wp-image-85\" title=\"colombie_img2556\" src=\"http:\/\/stephane.weblog.starend.org\/wp-uploads\/stephane\/2011\/03\/colombie_img2556.jpg\" alt=\"\" \/><\/a><br \/>\nArriv\u00e9e \u00e0 Bogota.<br \/>\nDiana et sa m\u00e8re.<\/p>\n<p style=\"text-align: center;\"><a href=\"http:\/\/stephane.weblog.starend.org\/wp-uploads\/stephane\/2011\/03\/colombie_img2557.jpg\"><img decoding=\"async\" class=\"alignnone size-medium wp-image-86\" title=\"colombie_img2557\" src=\"http:\/\/stephane.weblog.starend.org\/wp-uploads\/stephane\/2011\/03\/colombie_img2557.jpg\" alt=\"\" \/><\/a><br \/>\nDiana et sa petite s\u00c5\u201cur.<\/p>\n<p style=\"text-align: center;\">\n","protected":false},"excerpt":{"rendered":"<p>Quelques photos du voyage de Paris vers Bogota.<\/p>\n","protected":false},"author":2,"featured_media":0,"comment_status":"open","ping_status":"open","sticky":false,"template":"","format":"standard","meta":[],"categories":[40,28],"tags":[97,296],"_links":{"self":[{"href":"http:\/\/stephane.weblog.starend.org\/index.php?rest_route=\/wp\/v2\/posts\/74"}],"collection":[{"href":"http:\/\/stephane.weblog.starend.org\/index.php?rest_route=\/wp\/v2\/posts"}],"about":[{"href":"http:\/\/stephane.weblog.starend.org\/index.php?rest_route=\/wp\/v2\/types\/post"}],"author":[{"embeddable":true,"href":"http:\/\/stephane.weblog.starend.org\/index.php?rest_route=\/wp\/v2\/users\/2"}],"replies":[{"embeddable":true,"href":"http:\/\/stephane.weblog.starend.org\/index.php?rest_route=%2Fwp%2Fv2%2Fcomments&post=74"}],"version-history":[{"count":0,"href":"http:\/\/stephane.weblog.starend.org\/index.php?rest_route=\/wp\/v2\/posts\/74\/revisions"}],"wp:attachment":[{"href":"http:\/\/stephane.weblog.starend.org\/index.php?rest_route=%2Fwp%2Fv2%2Fmedia&parent=74"}],"wp:term":[{"taxonomy":"category","embeddable":true,"href":"http:\/\/stephane.weblog.starend.org\/index.php?rest_route=%2Fwp%2Fv2%2Fcategories&post=74"},{"taxonomy":"post_tag","embeddable":true,"href":"http:\/\/stephane.weblog.starend.org\/index.php?rest_route=%2Fwp%2Fv2%2Ftags&post=74"}],"curies":[{"name":"wp","href":"https:\/\/api.w.org\/{rel}","templated":true}]}}