{"id":729,"date":"2012-08-12T16:30:33","date_gmt":"2012-08-12T14:30:33","guid":{"rendered":"http:\/\/stephane.weblog.starend.org\/?p=729"},"modified":"2012-08-12T16:30:33","modified_gmt":"2012-08-12T14:30:33","slug":"photo-sous-marine","status":"publish","type":"post","link":"http:\/\/stephane.weblog.starend.org\/?p=729","title":{"rendered":"Photo sous-marine &#8211; part 1"},"content":{"rendered":"<p style=\"text-align: justify;\">Avec Diana, on a pr\u00e9vu quelques jours au nord de la Colombie, au bord de la mer des cara\u00efbes.<\/p>\n<p style=\"text-align: justify;\">On visitera <em>Santa Marta<\/em>, le <em>parc Tayrona<\/em>, <em>Playa Crystal<\/em> et <em>Cartagena de India<\/em>.<\/p>\n<p style=\"text-align: justify;\">A la <em>Playa Crystal<\/em>, les eaux sont remplies de poisson exotiques, \u00e7a vaut la peine de tremper l&rsquo;appareil ;-)<\/p>\n<p style=\"text-align: justify;\">C&rsquo;est ce que je pr\u00e9pare&#8230;<\/p>\n<p><!--more--><\/p>\n<p style=\"text-align: justify;\">Il y a deux fa\u00e7ons de faire faire du sous l&rsquo;eau \u00e0 un appareil photo. Soit on a un bo\u00eetier rigide avec le report de tous les boutons, tr\u00e8s cher (le prix de l&rsquo;appareil photo) et uniquement disponibles pour certains mod\u00e8les bien pr\u00e9cis (pas le mien bien s\u00fcr). Bien s\u00fcr, ce genre de bo\u00eetier est difficile \u00e0 cr\u00e9er pour un amateur, \u00e9tude de mat\u00e9riaux, structure, joints, etc&#8230;<\/p>\n<p style=\"text-align: justify;\">Soit on utilise un <em>bo\u00eetier<\/em> souple. C&rsquo;est ce que j&rsquo;avais d\u00e9j\u00e0 fait sur l&rsquo;\u00eele de la R\u00e9union en 2002. En fait un sac cong\u00e9lation pour sa transparence (d\u00e9pend de la marque) et sa solidit\u00e9. Le sac s&rsquo;\u00e9crase avec la pression quand on descend sous l&rsquo;eau, mais la pression int\u00e9rieur restant strictement \u00e9gale \u00e0 la pression ext\u00e9rieur, qui augmente, le sac ne l\u00e2che pas.<\/p>\n<p style=\"text-align: justify;\">Une des difficult\u00e9s que j&rsquo;avais eu, c&rsquo;est que le sac \u00e0 tendance \u00e0 prendre une forme sph\u00e9rique (minimisation de la surface pour un volume donn\u00e9). A l&rsquo;\u00e9poque, je devais tendre le sac devant l&rsquo;optique avec un doigt pour le maintenir le plus plat possible (sous peine de forte d\u00e9formation de la vision de l&rsquo;appareil photo).<\/p>\n<p style=\"text-align: justify;\">Cette fois-ci, je vais utiliser une petite vitre <em>plexiglas<\/em> devant l&rsquo;appareil photo. Reste \u00e0 trouver comme la faire tenir bien en place. C&rsquo;est le r\u00f4le d&rsquo;un couvercle de bo\u00eete herm\u00e9tique, de celles que l&rsquo;on utilise pour ranger les aliments en cuisine.<\/p>\n<p style=\"text-align: justify;\">Il faut :<br \/>\n&#8211; une boite plastique avec ouverture \u00e9tanche, ronde et de diam\u00e8tre un peu plus grand que la frontale de l&rsquo;optique ;<br \/>\n&#8211; une plaque de plexiglas, 2 \u00e0 3mm ;<br \/>\n&#8211; des sacs type cong\u00e9lation dans lesquels l&rsquo;appareil photo rentre <strong>tr\u00e8s<\/strong> largement ;<br \/>\n&#8211; un lacet ou un \u00e9lastique pour fermer le sac.<\/p>\n<p style=\"text-align: center;\"><a href=\"http:\/\/stephane.weblog.starend.org\/?attachment_id=732\" rel=\"attachment wp-att-732\"><img decoding=\"async\" loading=\"lazy\" class=\"alignnone size-medium wp-image-732\" title=\"_img4704\" src=\"\/wp-content\/uploads\/stephane\/2012\/08\/img4704-300x199.jpg\" alt=\"\" width=\"300\" height=\"199\" \/><\/a><br \/>\nL&rsquo;optique Sigma 10-20 f\/4, porte filtre D=77mm.<\/p>\n<p style=\"text-align: center;\"><a href=\"http:\/\/stephane.weblog.starend.org\/?attachment_id=733\" rel=\"attachment wp-att-733\"><img decoding=\"async\" loading=\"lazy\" class=\"alignnone size-medium wp-image-733\" title=\"_img4706\" src=\"\/wp-content\/uploads\/stephane\/2012\/08\/img4706-300x199.jpg\" alt=\"\" width=\"300\" height=\"199\" \/><\/a><br \/>\nBoite herm\u00e9tique.<\/p>\n<p style=\"text-align: center;\"><a href=\"http:\/\/stephane.weblog.starend.org\/?attachment_id=734\" rel=\"attachment wp-att-734\"><img decoding=\"async\" loading=\"lazy\" class=\"alignnone size-medium wp-image-734\" title=\"_img4709\" src=\"\/wp-content\/uploads\/stephane\/2012\/08\/img4709-300x199.jpg\" alt=\"\" width=\"300\" height=\"199\" \/><\/a><br \/>\nD\u00e9coupage de la couronne de fixation (retrait de la <em>cuve<\/em>).<\/p>\n<p style=\"text-align: center;\"><a href=\"http:\/\/stephane.weblog.starend.org\/?attachment_id=735\" rel=\"attachment wp-att-735\"><img decoding=\"async\" loading=\"lazy\" class=\"alignnone size-medium wp-image-735\" title=\"_img4710\" src=\"\/wp-content\/uploads\/stephane\/2012\/08\/img4710-300x199.jpg\" alt=\"\" width=\"300\" height=\"199\" \/><\/a><br \/>\nD\u00e9coupage du couvercle.<\/p>\n<p style=\"text-align: center;\"><a href=\"http:\/\/stephane.weblog.starend.org\/?attachment_id=737\" rel=\"attachment wp-att-737\"><img decoding=\"async\" loading=\"lazy\" class=\"alignnone size-medium wp-image-737\" title=\"_img4712\" src=\"\/wp-content\/uploads\/stephane\/2012\/08\/img4712-300x199.jpg\" alt=\"\" width=\"300\" height=\"199\" \/><\/a><br \/>\nLa couronne de fixation tient sans autre bricolage sur le pare-soleil retourn\u00e9.<br \/>\nCa marche aussi pour le Sigma 50mm F\/1,4.<\/p>\n<p style=\"text-align: center;\"><a href=\"http:\/\/stephane.weblog.starend.org\/?attachment_id=739\" rel=\"attachment wp-att-739\"><img decoding=\"async\" loading=\"lazy\" class=\"alignnone size-medium wp-image-739\" title=\"_img4714\" src=\"\/wp-content\/uploads\/stephane\/2012\/08\/img4714-300x199.jpg\" alt=\"\" width=\"300\" height=\"199\" \/><\/a><br \/>\nL&rsquo;ensemble sans vitre mont\u00e9 sur l&rsquo;optique.<\/p>\n<p style=\"text-align: center;\"><a href=\"http:\/\/stephane.weblog.starend.org\/?attachment_id=740\" rel=\"attachment wp-att-740\"><img decoding=\"async\" loading=\"lazy\" class=\"alignnone size-medium wp-image-740\" title=\"_img4715\" src=\"\/wp-content\/uploads\/stephane\/2012\/08\/img4715-300x199.jpg\" alt=\"\" width=\"300\" height=\"199\" \/><\/a><br \/>\nD\u00e9coupage et collage de la vitre <em>plexiglas<\/em>, c\u00f4t\u00e9 int\u00e9rieur du couvercle.<\/p>\n<p style=\"text-align: center;\"><a href=\"http:\/\/stephane.weblog.starend.org\/?attachment_id=741\" rel=\"attachment wp-att-741\"><img decoding=\"async\" loading=\"lazy\" class=\"alignnone size-medium wp-image-741\" title=\"_img4716\" src=\"\/wp-content\/uploads\/stephane\/2012\/08\/img4716-300x199.jpg\" alt=\"\" width=\"300\" height=\"199\" \/><\/a><br \/>\nL&rsquo;ensemble avec un sac plastique.<\/p>\n<p style=\"text-align: justify;\">La suite au prochain \u00e9pisode :-)<\/p>\n","protected":false},"excerpt":{"rendered":"<p>Avec Diana, on a pr\u00e9vu quelques jours au nord de la Colombie, au bord de la mer des cara\u00efbes. On visitera Santa Marta, le parc Tayrona, Playa Crystal et Cartagena de India. A la Playa Crystal, les eaux sont remplies de poisson exotiques, \u00e7a vaut la peine de tremper l&rsquo;appareil ;-) C&rsquo;est ce que je &hellip; <a href=\"http:\/\/stephane.weblog.starend.org\/?p=729\" class=\"more-link\">Continuer la lecture de <span class=\"screen-reader-text\">Photo sous-marine &#8211; part 1<\/span> <span class=\"meta-nav\">&rarr;<\/span><\/a><\/p>\n","protected":false},"author":2,"featured_media":0,"comment_status":"open","ping_status":"open","sticky":false,"template":"","format":"standard","meta":[],"categories":[40,19,28],"tags":[],"_links":{"self":[{"href":"http:\/\/stephane.weblog.starend.org\/index.php?rest_route=\/wp\/v2\/posts\/729"}],"collection":[{"href":"http:\/\/stephane.weblog.starend.org\/index.php?rest_route=\/wp\/v2\/posts"}],"about":[{"href":"http:\/\/stephane.weblog.starend.org\/index.php?rest_route=\/wp\/v2\/types\/post"}],"author":[{"embeddable":true,"href":"http:\/\/stephane.weblog.starend.org\/index.php?rest_route=\/wp\/v2\/users\/2"}],"replies":[{"embeddable":true,"href":"http:\/\/stephane.weblog.starend.org\/index.php?rest_route=%2Fwp%2Fv2%2Fcomments&post=729"}],"version-history":[{"count":0,"href":"http:\/\/stephane.weblog.starend.org\/index.php?rest_route=\/wp\/v2\/posts\/729\/revisions"}],"wp:attachment":[{"href":"http:\/\/stephane.weblog.starend.org\/index.php?rest_route=%2Fwp%2Fv2%2Fmedia&parent=729"}],"wp:term":[{"taxonomy":"category","embeddable":true,"href":"http:\/\/stephane.weblog.starend.org\/index.php?rest_route=%2Fwp%2Fv2%2Fcategories&post=729"},{"taxonomy":"post_tag","embeddable":true,"href":"http:\/\/stephane.weblog.starend.org\/index.php?rest_route=%2Fwp%2Fv2%2Ftags&post=729"}],"curies":[{"name":"wp","href":"https:\/\/api.w.org\/{rel}","templated":true}]}}