{"id":686,"date":"2012-07-22T13:42:25","date_gmt":"2012-07-22T11:42:25","guid":{"rendered":"http:\/\/stephane.weblog.starend.org\/?p=686"},"modified":"2012-07-22T13:42:25","modified_gmt":"2012-07-22T11:42:25","slug":"chartreuse-cote-nature","status":"publish","type":"post","link":"http:\/\/stephane.weblog.starend.org\/?p=686","title":{"rendered":"Chartreuse c\u00f4t\u00e9 nature"},"content":{"rendered":"<p>Apr\u00e8s la <a title=\"11\/05\/2012 - Chartreuse - Industriel \" href=\"http:\/\/balade.starend.org\/balade.php?balade=2012.05.11_Chartreuse_-_Industriel&amp;d=0&amp;a=2012&amp;c=tout\" target=\"_blank\">Chartreuse c\u00f4t\u00e9 indus en friche<\/a>, voici la <a title=\"11\/05\/2012 - Chartreuse - Nature \" href=\"file:\/\/\/home\/steph\/Images\/0002 en cours\/2011.05.07 Paris - Jardin des Tuileries\/sources\/_img5609.jpg file:\/\/\/home\/steph\/Images\/0002 en cours\/2011.05.07 Paris - Jardin des Tuileries\/sources\/_img5616.jpg file:\/\/\/home\/steph\/Images\/0002 en cours\/2011.05.07 Paris - Jardin des Tuileries\/sources\/_img5629.jpg file:\/\/\/home\/steph\/Images\/0002 en cours\/2011.05.07 Paris - Jardin des Tuileries\/sources\/_img5647nb.jpg\" target=\"_blank\">Chartreuse c\u00f4t\u00e9 nature<\/a>.<\/p>\n<p><img decoding=\"async\" loading=\"lazy\" class=\"alignnone\" title=\"_img4081co\" src=\"http:\/\/balade.starend.org\/balades\/2012.05.11_Chartreuse_-_Nature\/visuels\/_img4081co.jpg.jpg\" alt=\"\" width=\"600\" height=\"200\" \/><\/p>\n","protected":false},"excerpt":{"rendered":"<p>Apr\u00e8s la Chartreuse c\u00f4t\u00e9 indus en friche, voici la Chartreuse c\u00f4t\u00e9 nature.<\/p>\n","protected":false},"author":2,"featured_media":0,"comment_status":"open","ping_status":"open","sticky":false,"template":"","format":"standard","meta":[],"categories":[51,19],"tags":[],"_links":{"self":[{"href":"http:\/\/stephane.weblog.starend.org\/index.php?rest_route=\/wp\/v2\/posts\/686"}],"collection":[{"href":"http:\/\/stephane.weblog.starend.org\/index.php?rest_route=\/wp\/v2\/posts"}],"about":[{"href":"http:\/\/stephane.weblog.starend.org\/index.php?rest_route=\/wp\/v2\/types\/post"}],"author":[{"embeddable":true,"href":"http:\/\/stephane.weblog.starend.org\/index.php?rest_route=\/wp\/v2\/users\/2"}],"replies":[{"embeddable":true,"href":"http:\/\/stephane.weblog.starend.org\/index.php?rest_route=%2Fwp%2Fv2%2Fcomments&post=686"}],"version-history":[{"count":0,"href":"http:\/\/stephane.weblog.starend.org\/index.php?rest_route=\/wp\/v2\/posts\/686\/revisions"}],"wp:attachment":[{"href":"http:\/\/stephane.weblog.starend.org\/index.php?rest_route=%2Fwp%2Fv2%2Fmedia&parent=686"}],"wp:term":[{"taxonomy":"category","embeddable":true,"href":"http:\/\/stephane.weblog.starend.org\/index.php?rest_route=%2Fwp%2Fv2%2Fcategories&post=686"},{"taxonomy":"post_tag","embeddable":true,"href":"http:\/\/stephane.weblog.starend.org\/index.php?rest_route=%2Fwp%2Fv2%2Ftags&post=686"}],"curies":[{"name":"wp","href":"https:\/\/api.w.org\/{rel}","templated":true}]}}