{"id":653,"date":"2012-06-04T09:51:33","date_gmt":"2012-06-04T07:51:33","guid":{"rendered":"http:\/\/stephane.weblog.starend.org\/?p=653"},"modified":"2012-06-04T09:51:33","modified_gmt":"2012-06-04T07:51:33","slug":"week-end-a-barcelone","status":"publish","type":"post","link":"http:\/\/stephane.weblog.starend.org\/?p=653","title":{"rendered":"Week-end \u00e0 Barcelone"},"content":{"rendered":"<p>Je commence \u00e0 mettre en ligne les photos de notre week-end en Espagne :<\/p>\n<p style=\"text-align: center;\"><a title=\"http:\/\/espagne2012.voyage.starend.org\/\" href=\"http:\/\/espagne2012.voyage.starend.org\/\" target=\"_blank\">espagne2012.voyage.starend.org<\/a><\/p>\n<p>Il me reste \u00e0 terminer la pr\u00e9paration des captures de sons d&rsquo;ambiance. Deux sont d\u00e9j\u00e0 pr\u00eates.<\/p>\n<p style=\"text-align: center;\"><a href=\"http:\/\/stephane.weblog.starend.org\/wp-uploads\/stephane\/2012\/06\/_img4202hdr.jpg\"><img decoding=\"async\" loading=\"lazy\" class=\"alignnone size-full wp-image-654\" title=\"_img4202hdr\" src=\"http:\/\/stephane.weblog.starend.org\/wp-uploads\/stephane\/2012\/06\/_img4202hdr.jpg\" alt=\"\" width=\"299\" height=\"450\" \/><\/a><a title=\"http:\/\/espagne2012.voyage.starend.org\/visuel.php?s=2012.05.26_am_Bacelona_-_Sagrada_Familia&amp;p=_img4202.hdr.jpg\" href=\"http:\/\/espagne2012.voyage.starend.org\/visuel.php?s=2012.05.26_am_Bacelona_-_Sagrada_Familia&amp;p=_img4202.hdr.jpg\" target=\"_blank\"><br \/>\nSagrada Familia.<\/a><\/p>\n<p style=\"text-align: center;\"><!--more--><\/p>\n<p style=\"text-align: center;\"><a href=\"http:\/\/stephane.weblog.starend.org\/wp-uploads\/stephane\/2012\/06\/_img4301.jpg\"><img decoding=\"async\" loading=\"lazy\" class=\"alignnone size-full wp-image-655\" title=\"_img4301\" src=\"http:\/\/stephane.weblog.starend.org\/wp-uploads\/stephane\/2012\/06\/_img4301.jpg\" alt=\"\" width=\"450\" height=\"299\" \/><\/a><a title=\"http:\/\/espagne2012.voyage.starend.org\/visuel.php?s=2012.05.27_pm_Bacelona_-_Route_du_littoral&amp;p=_img4301.jpg\" href=\"http:\/\/espagne2012.voyage.starend.org\/visuel.php?s=2012.05.27_pm_Bacelona_-_Route_du_littoral&amp;p=_img4301.jpg\" target=\"_blank\"><br \/>\nLa Rambla.<\/a><\/p>\n","protected":false},"excerpt":{"rendered":"<p>Je commence \u00e0 mettre en ligne les photos de notre week-end en Espagne : espagne2012.voyage.starend.org Il me reste \u00e0 terminer la pr\u00e9paration des captures de sons d&rsquo;ambiance. Deux sont d\u00e9j\u00e0 pr\u00eates. Sagrada Familia.<\/p>\n","protected":false},"author":2,"featured_media":0,"comment_status":"open","ping_status":"open","sticky":false,"template":"","format":"standard","meta":[],"categories":[4,45,28],"tags":[90],"_links":{"self":[{"href":"http:\/\/stephane.weblog.starend.org\/index.php?rest_route=\/wp\/v2\/posts\/653"}],"collection":[{"href":"http:\/\/stephane.weblog.starend.org\/index.php?rest_route=\/wp\/v2\/posts"}],"about":[{"href":"http:\/\/stephane.weblog.starend.org\/index.php?rest_route=\/wp\/v2\/types\/post"}],"author":[{"embeddable":true,"href":"http:\/\/stephane.weblog.starend.org\/index.php?rest_route=\/wp\/v2\/users\/2"}],"replies":[{"embeddable":true,"href":"http:\/\/stephane.weblog.starend.org\/index.php?rest_route=%2Fwp%2Fv2%2Fcomments&post=653"}],"version-history":[{"count":0,"href":"http:\/\/stephane.weblog.starend.org\/index.php?rest_route=\/wp\/v2\/posts\/653\/revisions"}],"wp:attachment":[{"href":"http:\/\/stephane.weblog.starend.org\/index.php?rest_route=%2Fwp%2Fv2%2Fmedia&parent=653"}],"wp:term":[{"taxonomy":"category","embeddable":true,"href":"http:\/\/stephane.weblog.starend.org\/index.php?rest_route=%2Fwp%2Fv2%2Fcategories&post=653"},{"taxonomy":"post_tag","embeddable":true,"href":"http:\/\/stephane.weblog.starend.org\/index.php?rest_route=%2Fwp%2Fv2%2Ftags&post=653"}],"curies":[{"name":"wp","href":"https:\/\/api.w.org\/{rel}","templated":true}]}}