{"id":642,"date":"2012-04-27T15:54:59","date_gmt":"2012-04-27T13:54:59","guid":{"rendered":"http:\/\/stephane.weblog.starend.org\/?p=642"},"modified":"2012-04-27T15:54:59","modified_gmt":"2012-04-27T13:54:59","slug":"d800-ou-d800e","status":"publish","type":"post","link":"http:\/\/stephane.weblog.starend.org\/?p=642","title":{"rendered":"D800 ou D800E ?"},"content":{"rendered":"<p>Apr\u00e8s avoir regard\u00e9 les caract\u00e9ristiques et performances des deux nouveaux venus sur le march\u00e9 du plein format (24&#215;36), et par rapport \u00e0 mes besoins, je me suis arr\u00eat\u00e9 sur le Nikon D800.<\/p>\n<p>Le dernier Pentax a un bon capteur, le m\u00eame que le D7000, et donne de bons r\u00e9sultats. Mais pas de plein format sous cette marque, on passe directement de l&rsquo;APS-C au moyen format, pas du tout le m\u00eame budget.<\/p>\n<p>Reste \u00e0 savoir si le D800E sans filtre anti-aliasing apporte un vrai int\u00e9r\u00eat par rapport \u00e0 la version de base. Et si les probl\u00e8mes de moir\u00e9 sont aussi pr\u00e9sents&#8230;<\/p>\n<p style=\"text-align: center;\"><img decoding=\"async\" loading=\"lazy\" src=\"http:\/\/www.luminous-landscape.com\/articleImages\/MR26\/800-both.jpg\" alt=\"\" width=\"450\" height=\"159\" \/><\/p>\n<p><a title=\"http:\/\/www.luminous-landscape.com\/reviews\/cameras\/nikon_d800_or_d800e.shtml\" href=\"http:\/\/www.luminous-landscape.com\/reviews\/cameras\/nikon_d800_or_d800e.shtml\" target=\"_blank\">www.luminous-landscape.com nikon_d800_or_d800e<\/a><\/p>\n<p><a title=\"http:\/\/www.luminous-landscape.com\/reviews\/cameras\/nikon_d800_d800e_first_comparison.shtml\" href=\"http:\/\/www.luminous-landscape.com\/reviews\/cameras\/nikon_d800_d800e_first_comparison.shtml\" target=\"_blank\">www.luminous-landscape.com nikon_d800_d800e_first_comparison<\/a><\/p>\n<p><a title=\"http:\/\/mansurovs.com\/nikon-d800-vs-d800e\" href=\"http:\/\/mansurovs.com\/nikon-d800-vs-d800e\" target=\"_blank\">mansurovs.com nikon-d800-vs-d800e<\/a><\/p>\n<p><a title=\"http:\/\/fennworld.blogspot.fr\/2012\/04\/d800-redeemed-moire-aint-no-more-eh.html\" href=\"http:\/\/fennworld.blogspot.fr\/2012\/04\/d800-redeemed-moire-aint-no-more-eh.html\" target=\"_blank\">fennworld.blogspot.fr d800-redeemed-moire-aint-no-more-eh<\/a><\/p>\n","protected":false},"excerpt":{"rendered":"<p>Apr\u00e8s avoir regard\u00e9 les caract\u00e9ristiques et performances des deux nouveaux venus sur le march\u00e9 du plein format (24&#215;36), et par rapport \u00e0 mes besoins, je me suis arr\u00eat\u00e9 sur le Nikon D800. Le dernier Pentax a un bon capteur, le m\u00eame que le D7000, et donne de bons r\u00e9sultats. Mais pas de plein format sous &hellip; <a href=\"http:\/\/stephane.weblog.starend.org\/?p=642\" class=\"more-link\">Continuer la lecture de <span class=\"screen-reader-text\">D800 ou D800E ?<\/span> <span class=\"meta-nav\">&rarr;<\/span><\/a><\/p>\n","protected":false},"author":2,"featured_media":0,"comment_status":"open","ping_status":"open","sticky":false,"template":"","format":"standard","meta":[],"categories":[19],"tags":[70,140,141,258],"_links":{"self":[{"href":"http:\/\/stephane.weblog.starend.org\/index.php?rest_route=\/wp\/v2\/posts\/642"}],"collection":[{"href":"http:\/\/stephane.weblog.starend.org\/index.php?rest_route=\/wp\/v2\/posts"}],"about":[{"href":"http:\/\/stephane.weblog.starend.org\/index.php?rest_route=\/wp\/v2\/types\/post"}],"author":[{"embeddable":true,"href":"http:\/\/stephane.weblog.starend.org\/index.php?rest_route=\/wp\/v2\/users\/2"}],"replies":[{"embeddable":true,"href":"http:\/\/stephane.weblog.starend.org\/index.php?rest_route=%2Fwp%2Fv2%2Fcomments&post=642"}],"version-history":[{"count":0,"href":"http:\/\/stephane.weblog.starend.org\/index.php?rest_route=\/wp\/v2\/posts\/642\/revisions"}],"wp:attachment":[{"href":"http:\/\/stephane.weblog.starend.org\/index.php?rest_route=%2Fwp%2Fv2%2Fmedia&parent=642"}],"wp:term":[{"taxonomy":"category","embeddable":true,"href":"http:\/\/stephane.weblog.starend.org\/index.php?rest_route=%2Fwp%2Fv2%2Fcategories&post=642"},{"taxonomy":"post_tag","embeddable":true,"href":"http:\/\/stephane.weblog.starend.org\/index.php?rest_route=%2Fwp%2Fv2%2Ftags&post=642"}],"curies":[{"name":"wp","href":"https:\/\/api.w.org\/{rel}","templated":true}]}}