{"id":595,"date":"2011-09-30T07:04:48","date_gmt":"2011-09-30T05:04:48","guid":{"rendered":"http:\/\/stephane.weblog.starend.org\/?p=595"},"modified":"2011-09-30T07:04:48","modified_gmt":"2011-09-30T05:04:48","slug":"ophelia-fait-des-siennes","status":"publish","type":"post","link":"http:\/\/stephane.weblog.starend.org\/?p=595","title":{"rendered":"Oph\u00e9lia fait des siennes"},"content":{"rendered":"<p>Oph\u00e9lia (un de nos chats) n&rsquo;est pas contente, et elle le fait savoir!<\/p>\n<p>La temp\u00eate qu&rsquo;elle \u00e0 provoqu\u00e9 vers les Antilles s&rsquo;est transform\u00e9e en ouragan&#8230;<br \/>\n&#8211; <a title=\"http:\/\/www.ouest-france.fr\/ofdernmin_-Tempete-tropicale.-Ophelia-se-dirige-vers-les-Antilles_6346-1991705-fils-tous_filDMA.Htm\" href=\"http:\/\/www.ouest-france.fr\/ofdernmin_-Tempete-tropicale.-Ophelia-se-dirige-vers-les-Antilles_6346-1991705-fils-tous_filDMA.Htm\" target=\"_blank\">www.ouest-france.fr<\/a><br \/>\n&#8211; <a title=\"http:\/\/www.europe1.fr\/International\/L-ouragan-Ophelia-s-eloigne-des-Antilles-744483\/\" href=\"http:\/\/www.europe1.fr\/International\/L-ouragan-Ophelia-s-eloigne-des-Antilles-744483\/\" target=\"_blank\">www.europe1.fr<\/a><\/p>\n","protected":false},"excerpt":{"rendered":"<p>Oph\u00e9lia (un de nos chats) n&rsquo;est pas contente, et elle le fait savoir! La temp\u00eate qu&rsquo;elle \u00e0 provoqu\u00e9 vers les Antilles s&rsquo;est transform\u00e9e en ouragan&#8230; &#8211; www.ouest-france.fr &#8211; www.europe1.fr<\/p>\n","protected":false},"author":2,"featured_media":0,"comment_status":"open","ping_status":"open","sticky":false,"template":"","format":"standard","meta":[],"categories":[2],"tags":[288],"_links":{"self":[{"href":"http:\/\/stephane.weblog.starend.org\/index.php?rest_route=\/wp\/v2\/posts\/595"}],"collection":[{"href":"http:\/\/stephane.weblog.starend.org\/index.php?rest_route=\/wp\/v2\/posts"}],"about":[{"href":"http:\/\/stephane.weblog.starend.org\/index.php?rest_route=\/wp\/v2\/types\/post"}],"author":[{"embeddable":true,"href":"http:\/\/stephane.weblog.starend.org\/index.php?rest_route=\/wp\/v2\/users\/2"}],"replies":[{"embeddable":true,"href":"http:\/\/stephane.weblog.starend.org\/index.php?rest_route=%2Fwp%2Fv2%2Fcomments&post=595"}],"version-history":[{"count":0,"href":"http:\/\/stephane.weblog.starend.org\/index.php?rest_route=\/wp\/v2\/posts\/595\/revisions"}],"wp:attachment":[{"href":"http:\/\/stephane.weblog.starend.org\/index.php?rest_route=%2Fwp%2Fv2%2Fmedia&parent=595"}],"wp:term":[{"taxonomy":"category","embeddable":true,"href":"http:\/\/stephane.weblog.starend.org\/index.php?rest_route=%2Fwp%2Fv2%2Fcategories&post=595"},{"taxonomy":"post_tag","embeddable":true,"href":"http:\/\/stephane.weblog.starend.org\/index.php?rest_route=%2Fwp%2Fv2%2Ftags&post=595"}],"curies":[{"name":"wp","href":"https:\/\/api.w.org\/{rel}","templated":true}]}}