{"id":582,"date":"2011-08-16T21:11:37","date_gmt":"2011-08-16T19:11:37","guid":{"rendered":"http:\/\/stephane.weblog.starend.org\/?p=582"},"modified":"2011-08-16T21:11:37","modified_gmt":"2011-08-16T19:11:37","slug":"pologne-suite-et-fin","status":"publish","type":"post","link":"http:\/\/stephane.weblog.starend.org\/?p=582","title":{"rendered":"Pologne, suite et fin"},"content":{"rendered":"<p>J&rsquo;ai ajout\u00e9 les deux derni\u00e8res balades pour la Pologne :<br \/>\n<a title=\"http:\/\/balade.starend.org\/balade.php?balade=2011.06.13_Pologne_-_J11_Krakow&amp;d=0&amp;a=2011&amp;c=Pologne\" href=\"http:\/\/balade.starend.org\/balade.php?balade=2011.06.13_Pologne_-_J11_Krakow&amp;d=0&amp;a=2011&amp;c=Pologne\" target=\"_blank\">2011.06.13 Pologne &#8211; J11 Krakow<\/a><br \/>\n<a title=\"http:\/\/balade.starend.org\/balade.php?balade=2011.06.16_Pologne_-_J14_Krakow&amp;d=0&amp;a=2011&amp;c=Pologne\" href=\"http:\/\/balade.starend.org\/balade.php?balade=2011.06.16_Pologne_-_J14_Krakow&amp;d=0&amp;a=2011&amp;c=Pologne\" target=\"_blank\">2011.06.16 Pologne &#8211; J14 Krakow<\/a><\/p>\n<p>J&rsquo;ai perdu les photos du vol retour :'(<\/p>\n<p>La partie photo pour ce s\u00e9jour est maintenant termin\u00e9e :<br \/>\n<a title=\"http:\/\/balade.starend.org\/?a=2011&amp;c=Pologne\" href=\"http:\/\/balade.starend.org\/?a=2011&amp;c=Pologne\" target=\"_blank\">http:\/\/balade.starend.org\/?a=2011&amp;c=Pologne<\/a><\/p>\n<p>Le nouveau site web d\u00e9di\u00e9 est en cours de pr\u00e9paration :<br \/>\n<a title=\"http:\/\/pologne2011.starend.org\/\" href=\"http:\/\/pologne2011.starend.org\/\" target=\"_blank\">pologne2011.starend.org<\/a><\/p>\n","protected":false},"excerpt":{"rendered":"<p>J&rsquo;ai ajout\u00e9 les deux derni\u00e8res balades pour la Pologne : 2011.06.13 Pologne &#8211; J11 Krakow 2011.06.16 Pologne &#8211; J14 Krakow J&rsquo;ai perdu les photos du vol retour :'( La partie photo pour ce s\u00e9jour est maintenant termin\u00e9e : http:\/\/balade.starend.org\/?a=2011&amp;c=Pologne Le nouveau site web d\u00e9di\u00e9 est en cours de pr\u00e9paration : pologne2011.starend.org<\/p>\n","protected":false},"author":2,"featured_media":0,"comment_status":"open","ping_status":"open","sticky":false,"template":"","format":"standard","meta":[],"categories":[19,54,28],"tags":[308],"_links":{"self":[{"href":"http:\/\/stephane.weblog.starend.org\/index.php?rest_route=\/wp\/v2\/posts\/582"}],"collection":[{"href":"http:\/\/stephane.weblog.starend.org\/index.php?rest_route=\/wp\/v2\/posts"}],"about":[{"href":"http:\/\/stephane.weblog.starend.org\/index.php?rest_route=\/wp\/v2\/types\/post"}],"author":[{"embeddable":true,"href":"http:\/\/stephane.weblog.starend.org\/index.php?rest_route=\/wp\/v2\/users\/2"}],"replies":[{"embeddable":true,"href":"http:\/\/stephane.weblog.starend.org\/index.php?rest_route=%2Fwp%2Fv2%2Fcomments&post=582"}],"version-history":[{"count":0,"href":"http:\/\/stephane.weblog.starend.org\/index.php?rest_route=\/wp\/v2\/posts\/582\/revisions"}],"wp:attachment":[{"href":"http:\/\/stephane.weblog.starend.org\/index.php?rest_route=%2Fwp%2Fv2%2Fmedia&parent=582"}],"wp:term":[{"taxonomy":"category","embeddable":true,"href":"http:\/\/stephane.weblog.starend.org\/index.php?rest_route=%2Fwp%2Fv2%2Fcategories&post=582"},{"taxonomy":"post_tag","embeddable":true,"href":"http:\/\/stephane.weblog.starend.org\/index.php?rest_route=%2Fwp%2Fv2%2Ftags&post=582"}],"curies":[{"name":"wp","href":"https:\/\/api.w.org\/{rel}","templated":true}]}}