{"id":568,"date":"2011-06-23T00:36:36","date_gmt":"2011-06-22T22:36:36","guid":{"rendered":"http:\/\/stephane.weblog.starend.org\/?p=568"},"modified":"2011-06-23T00:36:36","modified_gmt":"2011-06-22T22:36:36","slug":"photos-au-salon-du-bourget","status":"publish","type":"post","link":"http:\/\/stephane.weblog.starend.org\/?p=568","title":{"rendered":"Photos au salon du Bourget"},"content":{"rendered":"<p>Ce midi j&rsquo;ai achet\u00e9 139euros un zoom que j&rsquo;avais vu la semaine derni\u00e8re en vitrine \u00e0 Paris.<\/p>\n<p>Un 500mm f\/8 \u00e0 miroir de marque Samyang!<\/p>\n<p>Les premiers essais sur les avions en vol au salon du Bourget :<br \/>\n<a title=\"http:\/\/balade.starend.org\/balade.php?balade=2011.06.22_Paris_-_Salon_du_Bourget&amp;d=0&amp;a=2011&amp;c=tout\" href=\"http:\/\/balade.starend.org\/balade.php?balade=2011.06.22_Paris_-_Salon_du_Bourget&amp;d=0&amp;a=2011&amp;c=tout\" target=\"_blank\">2011.06.22 Paris &#8211; Salon du Bourget<\/a><\/p>\n<p>Pas facile du tout \u00e0 utiliser sans autofocus sur des avions qui bougent assez vite&#8230;<br \/>\nBeaucoup de photos floues d\u00fc \u00e0 un focus mal plac\u00e9 et \u00e0 un peu de bouger. Je finis par passer \u00e0 200iso pour d\u00e9j\u00e0 gagner un peu de vitesse.<br \/>\nLes photos semblent aussi un peu p\u00e2lichonne, faible contraste.<br \/>\nLe contraste est rattrap\u00e9 sous GIMP sur les photos que j&rsquo;ai mis en ligne.<\/p>\n<p style=\"text-align: center;\"><img decoding=\"async\" loading=\"lazy\" style=\"border: 0;\" src=\"http:\/\/balade.starend.org\/balades\/2011.06.22_Paris_-_Salon_du_Bourget\/visuels\/_img7211.jpg.jpg\" alt=\"\" width=\"450\" height=\"450\" \/><\/p>\n","protected":false},"excerpt":{"rendered":"<p>Ce midi j&rsquo;ai achet\u00e9 139euros un zoom que j&rsquo;avais vu la semaine derni\u00e8re en vitrine \u00e0 Paris. Un 500mm f\/8 \u00e0 miroir de marque Samyang! Les premiers essais sur les avions en vol au salon du Bourget : 2011.06.22 Paris &#8211; Salon du Bourget Pas facile du tout \u00e0 utiliser sans autofocus sur des avions &hellip; <a href=\"http:\/\/stephane.weblog.starend.org\/?p=568\" class=\"more-link\">Continuer la lecture de <span class=\"screen-reader-text\">Photos au salon du Bourget<\/span> <span class=\"meta-nav\">&rarr;<\/span><\/a><\/p>\n","protected":false},"author":2,"featured_media":0,"comment_status":"closed","ping_status":"open","sticky":false,"template":"","format":"standard","meta":[],"categories":[35,19],"tags":[340],"_links":{"self":[{"href":"http:\/\/stephane.weblog.starend.org\/index.php?rest_route=\/wp\/v2\/posts\/568"}],"collection":[{"href":"http:\/\/stephane.weblog.starend.org\/index.php?rest_route=\/wp\/v2\/posts"}],"about":[{"href":"http:\/\/stephane.weblog.starend.org\/index.php?rest_route=\/wp\/v2\/types\/post"}],"author":[{"embeddable":true,"href":"http:\/\/stephane.weblog.starend.org\/index.php?rest_route=\/wp\/v2\/users\/2"}],"replies":[{"embeddable":true,"href":"http:\/\/stephane.weblog.starend.org\/index.php?rest_route=%2Fwp%2Fv2%2Fcomments&post=568"}],"version-history":[{"count":0,"href":"http:\/\/stephane.weblog.starend.org\/index.php?rest_route=\/wp\/v2\/posts\/568\/revisions"}],"wp:attachment":[{"href":"http:\/\/stephane.weblog.starend.org\/index.php?rest_route=%2Fwp%2Fv2%2Fmedia&parent=568"}],"wp:term":[{"taxonomy":"category","embeddable":true,"href":"http:\/\/stephane.weblog.starend.org\/index.php?rest_route=%2Fwp%2Fv2%2Fcategories&post=568"},{"taxonomy":"post_tag","embeddable":true,"href":"http:\/\/stephane.weblog.starend.org\/index.php?rest_route=%2Fwp%2Fv2%2Ftags&post=568"}],"curies":[{"name":"wp","href":"https:\/\/api.w.org\/{rel}","templated":true}]}}