{"id":549,"date":"2011-06-18T13:06:47","date_gmt":"2011-06-18T11:06:47","guid":{"rendered":"http:\/\/stephane.weblog.starend.org\/?p=549"},"modified":"2011-06-18T13:06:47","modified_gmt":"2011-06-18T11:06:47","slug":"photographe-amateur-ou-pro","status":"publish","type":"post","link":"http:\/\/stephane.weblog.starend.org\/?p=549","title":{"rendered":"Photographe amateur ou pro?"},"content":{"rendered":"<p>Tr\u00e8s bonne lecture que ce post :<br \/>\n<a title=\"http:\/\/passionplus.free.fr\/page64\/page64.html\" href=\"http:\/\/passionplus.free.fr\/page64\/page64.html\" target=\"_blank\">http:\/\/passionplus.free.fr\/page64\/page64.html<\/a> &#8211; juin 2011<\/p>\n<p>Cela renvoie notamment \u00e0 un post de novembre 2007 sur ce m\u00eame blog :<br \/>\n<a title=\"http:\/\/passionplus.free.fr\/page4\/page35\/page36\/page36.html\" href=\"http:\/\/passionplus.free.fr\/page4\/page35\/page36\/page36.html\" target=\"_blank\">http:\/\/passionplus.free.fr\/page4\/page35\/page36\/page36.html<\/a><\/p>\n<p>L&rsquo;opposition entre photographes professionnels et amateurs est assez courante. Mais il a raison, on se trompe de cible. Nous ne sommes pas, nous ne devrions pas \u00eatre en concurrence. Nous sommes compl\u00e9mentaires.<\/p>\n<p>D&rsquo;o\u00f9 vient le probl\u00e8me? D\u00e9j\u00e0 des soci\u00e9t\u00e9s qui nous exploitent sans vergogne pour leurs b\u00e9n\u00e9fices exclusif. Mais aussi parce que le sens commun se trompe sur la d\u00e9finition du \u00ab\u00a0<em>photographe professionnel<\/em>\u00ab\u00a0.<\/p>\n<p>Je l&rsquo;entend presque tous les jours, <em>tu fais des photos de pro<\/em>. Au del\u00e0 du compliment (r\u00e9el) qui met \u00e0 mal ma modestie et mon impression de ne pas encore savoir faire des photos comme je veux&#8230; C&rsquo;est surtout la d\u00e9finition du \u00ab\u00a0<em>pro<\/em>\u00a0\u00bb qui passe \u00e0 la trappe. Le professionnel, ce n&rsquo;est pas celui qui fait de belles photos, c&rsquo;est celui qui vend. Point. Et ce qui caract\u00e9rise ce statut, ce sont les obligations l\u00e9gales et <span style=\"text-decoration: underline;\">fiscales<\/span>, notion bien peu <em>artistique<\/em>.<\/p>\n<p>Donc, un amateur qui vend&#8230; n&rsquo;est plus un amateur.<\/p>\n","protected":false},"excerpt":{"rendered":"<p>Tr\u00e8s bonne lecture que ce post : http:\/\/passionplus.free.fr\/page64\/page64.html &#8211; juin 2011 Cela renvoie notamment \u00e0 un post de novembre 2007 sur ce m\u00eame blog : http:\/\/passionplus.free.fr\/page4\/page35\/page36\/page36.html L&rsquo;opposition entre photographes professionnels et amateurs est assez courante. Mais il a raison, on se trompe de cible. Nous ne sommes pas, nous ne devrions pas \u00eatre en concurrence. &hellip; <a href=\"http:\/\/stephane.weblog.starend.org\/?p=549\" class=\"more-link\">Continuer la lecture de <span class=\"screen-reader-text\">Photographe amateur ou pro?<\/span> <span class=\"meta-nav\">&rarr;<\/span><\/a><\/p>\n","protected":false},"author":2,"featured_media":0,"comment_status":"open","ping_status":"open","sticky":false,"template":"","format":"standard","meta":[],"categories":[2,44,19],"tags":[301],"_links":{"self":[{"href":"http:\/\/stephane.weblog.starend.org\/index.php?rest_route=\/wp\/v2\/posts\/549"}],"collection":[{"href":"http:\/\/stephane.weblog.starend.org\/index.php?rest_route=\/wp\/v2\/posts"}],"about":[{"href":"http:\/\/stephane.weblog.starend.org\/index.php?rest_route=\/wp\/v2\/types\/post"}],"author":[{"embeddable":true,"href":"http:\/\/stephane.weblog.starend.org\/index.php?rest_route=\/wp\/v2\/users\/2"}],"replies":[{"embeddable":true,"href":"http:\/\/stephane.weblog.starend.org\/index.php?rest_route=%2Fwp%2Fv2%2Fcomments&post=549"}],"version-history":[{"count":0,"href":"http:\/\/stephane.weblog.starend.org\/index.php?rest_route=\/wp\/v2\/posts\/549\/revisions"}],"wp:attachment":[{"href":"http:\/\/stephane.weblog.starend.org\/index.php?rest_route=%2Fwp%2Fv2%2Fmedia&parent=549"}],"wp:term":[{"taxonomy":"category","embeddable":true,"href":"http:\/\/stephane.weblog.starend.org\/index.php?rest_route=%2Fwp%2Fv2%2Fcategories&post=549"},{"taxonomy":"post_tag","embeddable":true,"href":"http:\/\/stephane.weblog.starend.org\/index.php?rest_route=%2Fwp%2Fv2%2Ftags&post=549"}],"curies":[{"name":"wp","href":"https:\/\/api.w.org\/{rel}","templated":true}]}}