{"id":548,"date":"2011-06-17T21:22:36","date_gmt":"2011-06-17T19:22:36","guid":{"rendered":"http:\/\/stephane.weblog.starend.org\/?p=548"},"modified":"2011-06-17T21:22:36","modified_gmt":"2011-06-17T19:22:36","slug":"photos-de-pologne","status":"publish","type":"post","link":"http:\/\/stephane.weblog.starend.org\/?p=548","title":{"rendered":"Photos de Pologne"},"content":{"rendered":"<p>Les photos de Krakow des jours 1 \u00e0 10 sont en ligne :<br \/>\n&#8211; <a title=\"http:\/\/balade.starend.org\/balade.php?balade=2011.06.03_Pologne_-_J1_Paris-Krakow&amp;d=0&amp;a=2011&amp;c=Pologne\" href=\"http:\/\/balade.starend.org\/balade.php?balade=2011.06.03_Pologne_-_J1_Paris-Krakow&amp;d=0&amp;a=2011&amp;c=Pologne\" target=\"_blank\">2011.06.03_Pologne_-_J1_Paris-Krakow<\/a><br \/>\n&#8211; <a title=\"http:\/\/balade.starend.org\/balade.php?balade=2011.06.04_Pologne_-_J2am_Krakow&amp;d=0&amp;a=2011&amp;c=Pologne\" href=\"http:\/\/balade.starend.org\/balade.php?balade=2011.06.04_Pologne_-_J2am_Krakow&amp;d=0&amp;a=2011&amp;c=Pologne\" target=\"_blank\">2011.06.04_Pologne_-_J2am_Krakow<\/a><br \/>\n&#8211; <a title=\"http:\/\/balade.starend.org\/balade.php?balade=2011.06.04_Pologne_-_J2pm_Krakow&amp;d=0&amp;a=2011&amp;c=Pologne\" href=\"http:\/\/balade.starend.org\/balade.php?balade=2011.06.04_Pologne_-_J2pm_Krakow&amp;d=0&amp;a=2011&amp;c=Pologne\" target=\"_blank\">2011.06.04_Pologne_-_J2pm_Krakow<\/a><br \/>\n&#8211; <a title=\"http:\/\/balade.starend.org\/balade.php?balade=2011.06.06_Pologne_-_J4_Krakow_by_night&amp;d=0&amp;a=2011&amp;c=Pologne\" href=\"http:\/\/balade.starend.org\/balade.php?balade=2011.06.06_Pologne_-_J4_Krakow_by_night&amp;d=0&amp;a=2011&amp;c=Pologne\" target=\"_blank\">2011.06.06_Pologne_-_J4_Krakow_by_night<\/a><br \/>\n&#8211; <a title=\"http:\/\/balade.starend.org\/balade.php?balade=2011.06.08_Pologne_-_J6_Krakow&amp;d=0&amp;a=2011&amp;c=Pologne\" href=\"http:\/\/balade.starend.org\/balade.php?balade=2011.06.08_Pologne_-_J6_Krakow&amp;d=0&amp;a=2011&amp;c=Pologne\" target=\"_blank\">2011.06.08_Pologne_-_J6_Krakow<\/a><br \/>\n&#8211; <a title=\"http:\/\/balade.starend.org\/balade.php?balade=2011.06.09_Pologne_-_J7_Krakow_old_town_by_night&amp;d=0&amp;a=2011&amp;c=Pologne\" href=\"http:\/\/balade.starend.org\/balade.php?balade=2011.06.09_Pologne_-_J7_Krakow_old_town_by_night&amp;d=0&amp;a=2011&amp;c=Pologne\" target=\"_blank\">2011.06.09_Pologne_-_J7_Krakow_old_town_by_night<\/a><br \/>\n&#8211; <a title=\"http:\/\/balade.starend.org\/balade.php?balade=2011.06.10_Pologne_-_J8_Krakow_old_town_by_night&amp;d=0&amp;a=2011&amp;c=Pologne\" href=\"http:\/\/balade.starend.org\/balade.php?balade=2011.06.10_Pologne_-_J8_Krakow_old_town_by_night&amp;d=0&amp;a=2011&amp;c=Pologne\" target=\"_blank\">2011.06.10_Pologne_-_J8_Krakow_old_town_by_night<\/a><br \/>\n&#8211; <a title=\"http:\/\/balade.starend.org\/balade.php?balade=2011.06.11_Pologne_-_J9_Chateau_de_Krakow&amp;d=0&amp;a=2011&amp;c=Pologne\" href=\"http:\/\/balade.starend.org\/balade.php?balade=2011.06.11_Pologne_-_J9_Chateau_de_Krakow&amp;d=0&amp;a=2011&amp;c=Pologne\" target=\"_blank\">2011.06.11_Pologne_-_J9_Chateau_de_Krakow<\/a><br \/>\n&#8211; <a title=\"http:\/\/balade.starend.org\/balade.php?balade=2011.06.12_Pologne_-_J10am_Mine_de_sel&amp;d=0&amp;a=2011&amp;c=Pologne\" href=\"http:\/\/balade.starend.org\/balade.php?balade=2011.06.12_Pologne_-_J10am_Mine_de_sel&amp;d=0&amp;a=2011&amp;c=Pologne\" target=\"_blank\">2011.06.12_Pologne_-_J10am_Mine_de_sel<\/a><br \/>\n&#8211; <a title=\"http:\/\/balade.starend.org\/balade.php?balade=2011.06.12_Pologne_-_J10pm_Auschwitz&amp;d=0&amp;a=2011&amp;c=Pologne\" href=\"http:\/\/balade.starend.org\/balade.php?balade=2011.06.12_Pologne_-_J10pm_Auschwitz&amp;d=0&amp;a=2011&amp;c=Pologne\" target=\"_blank\">2011.06.12_Pologne_-_J10pm_Auschwitz<\/a><br \/>\n&#8211; <a title=\"http:\/\/balade.starend.org\/balade.php?balade=2011.06.12_Pologne_-_J10_Krakow&amp;d=0&amp;a=2011&amp;c=Pologne\" href=\"http:\/\/balade.starend.org\/balade.php?balade=2011.06.12_Pologne_-_J10_Krakow&amp;d=0&amp;a=2011&amp;c=Pologne\" target=\"_blank\">2011.06.12_Pologne_-_J10_Krakow<\/a><br \/>\nJe pr\u00e9pare les commentaires au fur et \u00e0 mesure&#8230;<\/p>\n<p>J&rsquo;ai ajout\u00e9 aussi le seul portrait de mon s\u00e9jour :<br \/>\n<a title=\"http:\/\/portrait.starend.org\/visuel.php?portrait=2011.06.03_img6476nb.jpg\" href=\"http:\/\/portrait.starend.org\/visuel.php?portrait=2011.06.03_img6476nb.jpg\" target=\"_blank\">http:\/\/portrait.starend.org\/visuel.php?portrait=2011.06.03_img6476nb.jpg<\/a><\/p>\n<p style=\"text-align: center;\"><img decoding=\"async\" loading=\"lazy\" src=\"http:\/\/portrait.starend.org\/miniatures\/2011.06.03_img6476nb.jpg.jpg\" alt=\"2011.06.03_img6476nb\" width=\"240\" height=\"240\" \/><\/p>\n","protected":false},"excerpt":{"rendered":"<p>Les photos de Krakow des jours 1 \u00e0 10 sont en ligne : &#8211; 2011.06.03_Pologne_-_J1_Paris-Krakow &#8211; 2011.06.04_Pologne_-_J2am_Krakow &#8211; 2011.06.04_Pologne_-_J2pm_Krakow &#8211; 2011.06.06_Pologne_-_J4_Krakow_by_night &#8211; 2011.06.08_Pologne_-_J6_Krakow &#8211; 2011.06.09_Pologne_-_J7_Krakow_old_town_by_night &#8211; 2011.06.10_Pologne_-_J8_Krakow_old_town_by_night &#8211; 2011.06.11_Pologne_-_J9_Chateau_de_Krakow &#8211; 2011.06.12_Pologne_-_J10am_Mine_de_sel &#8211; 2011.06.12_Pologne_-_J10pm_Auschwitz &#8211; 2011.06.12_Pologne_-_J10_Krakow Je pr\u00e9pare les commentaires au fur et \u00e0 mesure&#8230; J&rsquo;ai ajout\u00e9 aussi le seul portrait de mon s\u00e9jour : http:\/\/portrait.starend.org\/visuel.php?portrait=2011.06.03_img6476nb.jpg<\/p>\n","protected":false},"author":2,"featured_media":0,"comment_status":"open","ping_status":"open","sticky":false,"template":"","format":"standard","meta":[],"categories":[19,54,28],"tags":[228],"_links":{"self":[{"href":"http:\/\/stephane.weblog.starend.org\/index.php?rest_route=\/wp\/v2\/posts\/548"}],"collection":[{"href":"http:\/\/stephane.weblog.starend.org\/index.php?rest_route=\/wp\/v2\/posts"}],"about":[{"href":"http:\/\/stephane.weblog.starend.org\/index.php?rest_route=\/wp\/v2\/types\/post"}],"author":[{"embeddable":true,"href":"http:\/\/stephane.weblog.starend.org\/index.php?rest_route=\/wp\/v2\/users\/2"}],"replies":[{"embeddable":true,"href":"http:\/\/stephane.weblog.starend.org\/index.php?rest_route=%2Fwp%2Fv2%2Fcomments&post=548"}],"version-history":[{"count":0,"href":"http:\/\/stephane.weblog.starend.org\/index.php?rest_route=\/wp\/v2\/posts\/548\/revisions"}],"wp:attachment":[{"href":"http:\/\/stephane.weblog.starend.org\/index.php?rest_route=%2Fwp%2Fv2%2Fmedia&parent=548"}],"wp:term":[{"taxonomy":"category","embeddable":true,"href":"http:\/\/stephane.weblog.starend.org\/index.php?rest_route=%2Fwp%2Fv2%2Fcategories&post=548"},{"taxonomy":"post_tag","embeddable":true,"href":"http:\/\/stephane.weblog.starend.org\/index.php?rest_route=%2Fwp%2Fv2%2Ftags&post=548"}],"curies":[{"name":"wp","href":"https:\/\/api.w.org\/{rel}","templated":true}]}}