{"id":537,"date":"2011-06-15T00:11:32","date_gmt":"2011-06-14T22:11:32","guid":{"rendered":"http:\/\/stephane.weblog.starend.org\/?p=537"},"modified":"2011-06-15T00:11:32","modified_gmt":"2011-06-14T22:11:32","slug":"visite-de-auschwitz","status":"publish","type":"post","link":"http:\/\/stephane.weblog.starend.org\/?p=537","title":{"rendered":"Visite de Auschwitz"},"content":{"rendered":"<p>Visite des camps de la mort.<br \/>\nApr\u00e8s la mine de sel ce matin, \u00e7a casse un peu l&rsquo;ambiance&#8230;<\/p>\n<p>Le guide nous montre diff\u00e9rentes choses et nous explique ce qu&rsquo;il s&rsquo;est pass\u00e9. On n&rsquo;a que 1h30, de quoi voir une petite partie du camp. Quelques b\u00e2timents, un tas de lunettes, de cheveux de femmes (1,9T quand m\u00eame), de chaussures, de chaussures d&rsquo;enfants, de plats pour cuisiner, de brosses&#8230;<br \/>\nJe me rends compte que je d\u00e9croche au bout d&rsquo;une demi-heure. Au bout d&rsquo;un certain temps, face \u00e0 tant d&rsquo;atrocit\u00e9s, mon cerveau \u00e0 besoin de d\u00e9crocher pour ne pas exploser&#8230;<\/p>\n<p>La photo est un bon moyen, je me concentre sur mon appareil \u00e0 la place&#8230;<br \/>\nTraitement noir et blanc pour renforcer l&rsquo;ambiance, redonner l&rsquo;ambiance dans laquelle on se trouve l\u00e0 en fait.<\/p>\n<p style=\"text-align: center;\"><a href=\"http:\/\/stephane.weblog.starend.org\/wp-uploads\/stephane\/2011\/06\/pologne_img6979.jpg\"><img decoding=\"async\" class=\"alignnone size-full wp-image-538\" title=\"pologne_img6979\" src=\"http:\/\/stephane.weblog.starend.org\/wp-uploads\/stephane\/2011\/06\/pologne_img6979.jpg\" alt=\"\" \/><\/a><\/p>\n<p style=\"text-align: center;\"><!--more--><\/p>\n<p style=\"text-align: center;\"><a href=\"http:\/\/stephane.weblog.starend.org\/wp-uploads\/stephane\/2011\/06\/pologne_img6982.jpg\"><img decoding=\"async\" class=\"alignnone size-full wp-image-539\" title=\"pologne_img6982\" src=\"http:\/\/stephane.weblog.starend.org\/wp-uploads\/stephane\/2011\/06\/pologne_img6982.jpg\" alt=\"\" \/><\/a><\/p>\n<p style=\"text-align: center;\"><a href=\"http:\/\/stephane.weblog.starend.org\/wp-uploads\/stephane\/2011\/06\/pologne_img6990.jpg\"><img decoding=\"async\" class=\"alignnone size-full wp-image-540\" title=\"pologne_img6990\" src=\"http:\/\/stephane.weblog.starend.org\/wp-uploads\/stephane\/2011\/06\/pologne_img6990.jpg\" alt=\"\" \/><\/a><\/p>\n<p style=\"text-align: center;\"><a href=\"http:\/\/stephane.weblog.starend.org\/wp-uploads\/stephane\/2011\/06\/pologne_img6992.jpg\"><img decoding=\"async\" class=\"alignnone size-full wp-image-541\" title=\"pologne_img6992\" src=\"http:\/\/stephane.weblog.starend.org\/wp-uploads\/stephane\/2011\/06\/pologne_img6992.jpg\" alt=\"\" \/><\/a><\/p>\n<p style=\"text-align: center;\"><a href=\"http:\/\/stephane.weblog.starend.org\/wp-uploads\/stephane\/2011\/06\/pologne_img6999.jpg\"><img decoding=\"async\" class=\"alignnone size-full wp-image-542\" title=\"pologne_img6999\" src=\"http:\/\/stephane.weblog.starend.org\/wp-uploads\/stephane\/2011\/06\/pologne_img6999.jpg\" alt=\"\" \/><\/a><\/p>\n<p style=\"text-align: center;\"><a href=\"http:\/\/stephane.weblog.starend.org\/wp-uploads\/stephane\/2011\/06\/pologne_img7015.jpg\"><img decoding=\"async\" class=\"alignnone size-full wp-image-543\" title=\"pologne_img7015\" src=\"http:\/\/stephane.weblog.starend.org\/wp-uploads\/stephane\/2011\/06\/pologne_img7015.jpg\" alt=\"\" \/><\/a><\/p>\n<p style=\"text-align: center;\"><a href=\"http:\/\/stephane.weblog.starend.org\/wp-uploads\/stephane\/2011\/06\/pologne_img7018.jpg\"><img decoding=\"async\" class=\"alignnone size-full wp-image-544\" title=\"pologne_img7018\" src=\"http:\/\/stephane.weblog.starend.org\/wp-uploads\/stephane\/2011\/06\/pologne_img7018.jpg\" alt=\"\" \/><\/a><\/p>\n<p style=\"text-align: center;\"><a href=\"http:\/\/stephane.weblog.starend.org\/wp-uploads\/stephane\/2011\/06\/pologne_img7036.jpg\"><img decoding=\"async\" class=\"alignnone size-full wp-image-545\" title=\"pologne_img7036\" src=\"http:\/\/stephane.weblog.starend.org\/wp-uploads\/stephane\/2011\/06\/pologne_img7036.jpg\" alt=\"\" \/><\/a><\/p>\n<p style=\"text-align: center;\"><a href=\"http:\/\/stephane.weblog.starend.org\/wp-uploads\/stephane\/2011\/06\/pologne_img7041.jpg\"><img decoding=\"async\" class=\"alignnone size-full wp-image-546\" title=\"pologne_img7041\" src=\"http:\/\/stephane.weblog.starend.org\/wp-uploads\/stephane\/2011\/06\/pologne_img7041.jpg\" alt=\"\" \/><\/a><\/p>\n<p style=\"text-align: center;\"><a href=\"http:\/\/stephane.weblog.starend.org\/wp-uploads\/stephane\/2011\/06\/pologne_img7050.jpg\"><img decoding=\"async\" class=\"alignnone size-full wp-image-547\" title=\"pologne_img7050\" src=\"http:\/\/stephane.weblog.starend.org\/wp-uploads\/stephane\/2011\/06\/pologne_img7050.jpg\" alt=\"\" \/><\/a><\/p>\n","protected":false},"excerpt":{"rendered":"<p>Visite des camps de la mort. Apr\u00e8s la mine de sel ce matin, \u00e7a casse un peu l&rsquo;ambiance&#8230; Le guide nous montre diff\u00e9rentes choses et nous explique ce qu&rsquo;il s&rsquo;est pass\u00e9. On n&rsquo;a que 1h30, de quoi voir une petite partie du camp. Quelques b\u00e2timents, un tas de lunettes, de cheveux de femmes (1,9T quand &hellip; <a href=\"http:\/\/stephane.weblog.starend.org\/?p=537\" class=\"more-link\">Continuer la lecture de <span class=\"screen-reader-text\">Visite de Auschwitz<\/span> <span class=\"meta-nav\">&rarr;<\/span><\/a><\/p>\n","protected":false},"author":2,"featured_media":0,"comment_status":"open","ping_status":"open","sticky":false,"template":"","format":"standard","meta":[],"categories":[19,54,28],"tags":[82],"_links":{"self":[{"href":"http:\/\/stephane.weblog.starend.org\/index.php?rest_route=\/wp\/v2\/posts\/537"}],"collection":[{"href":"http:\/\/stephane.weblog.starend.org\/index.php?rest_route=\/wp\/v2\/posts"}],"about":[{"href":"http:\/\/stephane.weblog.starend.org\/index.php?rest_route=\/wp\/v2\/types\/post"}],"author":[{"embeddable":true,"href":"http:\/\/stephane.weblog.starend.org\/index.php?rest_route=\/wp\/v2\/users\/2"}],"replies":[{"embeddable":true,"href":"http:\/\/stephane.weblog.starend.org\/index.php?rest_route=%2Fwp%2Fv2%2Fcomments&post=537"}],"version-history":[{"count":0,"href":"http:\/\/stephane.weblog.starend.org\/index.php?rest_route=\/wp\/v2\/posts\/537\/revisions"}],"wp:attachment":[{"href":"http:\/\/stephane.weblog.starend.org\/index.php?rest_route=%2Fwp%2Fv2%2Fmedia&parent=537"}],"wp:term":[{"taxonomy":"category","embeddable":true,"href":"http:\/\/stephane.weblog.starend.org\/index.php?rest_route=%2Fwp%2Fv2%2Fcategories&post=537"},{"taxonomy":"post_tag","embeddable":true,"href":"http:\/\/stephane.weblog.starend.org\/index.php?rest_route=%2Fwp%2Fv2%2Ftags&post=537"}],"curies":[{"name":"wp","href":"https:\/\/api.w.org\/{rel}","templated":true}]}}