{"id":5,"date":"2010-08-03T16:51:52","date_gmt":"2010-08-03T14:51:52","guid":{"rendered":"http:\/\/stephane.weblog.starend.org\/?p=5"},"modified":"2010-08-03T16:51:52","modified_gmt":"2010-08-03T14:51:52","slug":"premier-lien-externe-lavenir-de-la-vie-privee-est-de-la-maitriser","status":"publish","type":"post","link":"http:\/\/stephane.weblog.starend.org\/?p=5","title":{"rendered":"Premier lien externe &#8211; L&rsquo;avenir de la vie priv\u00e9e est de la ma\u00eetriser"},"content":{"rendered":"<p>Sur la vie priv\u00e9e :<br \/>\n<a title=\"L'avenir de la vie priv\u00e9e est de la ma\u00eetriser\" href=\"http:\/\/www.lemonde.fr\/technologies\/article\/2010\/07\/30\/l-avenir-de-la-vie-privee-est-de-la-maitriser_1393752_651865.html\" target=\"_blank\">http:\/\/www.lemonde.fr\/technologies\/article\/2010\/07\/30\/l-avenir-de-la-vie-privee-est-de-la-maitriser_1393752_651865.html<\/a><\/p>\n","protected":false},"excerpt":{"rendered":"<p>Sur la vie priv\u00e9e : http:\/\/www.lemonde.fr\/technologies\/article\/2010\/07\/30\/l-avenir-de-la-vie-privee-est-de-la-maitriser_1393752_651865.html<\/p>\n","protected":false},"author":2,"featured_media":0,"comment_status":"open","ping_status":"open","sticky":false,"template":"","format":"standard","meta":[],"categories":[27],"tags":[406],"_links":{"self":[{"href":"http:\/\/stephane.weblog.starend.org\/index.php?rest_route=\/wp\/v2\/posts\/5"}],"collection":[{"href":"http:\/\/stephane.weblog.starend.org\/index.php?rest_route=\/wp\/v2\/posts"}],"about":[{"href":"http:\/\/stephane.weblog.starend.org\/index.php?rest_route=\/wp\/v2\/types\/post"}],"author":[{"embeddable":true,"href":"http:\/\/stephane.weblog.starend.org\/index.php?rest_route=\/wp\/v2\/users\/2"}],"replies":[{"embeddable":true,"href":"http:\/\/stephane.weblog.starend.org\/index.php?rest_route=%2Fwp%2Fv2%2Fcomments&post=5"}],"version-history":[{"count":0,"href":"http:\/\/stephane.weblog.starend.org\/index.php?rest_route=\/wp\/v2\/posts\/5\/revisions"}],"wp:attachment":[{"href":"http:\/\/stephane.weblog.starend.org\/index.php?rest_route=%2Fwp%2Fv2%2Fmedia&parent=5"}],"wp:term":[{"taxonomy":"category","embeddable":true,"href":"http:\/\/stephane.weblog.starend.org\/index.php?rest_route=%2Fwp%2Fv2%2Fcategories&post=5"},{"taxonomy":"post_tag","embeddable":true,"href":"http:\/\/stephane.weblog.starend.org\/index.php?rest_route=%2Fwp%2Fv2%2Ftags&post=5"}],"curies":[{"name":"wp","href":"https:\/\/api.w.org\/{rel}","templated":true}]}}