{"id":448,"date":"2011-04-03T23:24:29","date_gmt":"2011-04-03T21:24:29","guid":{"rendered":"http:\/\/stephane.weblog.starend.org\/?p=448"},"modified":"2011-04-03T23:24:29","modified_gmt":"2011-04-03T21:24:29","slug":"integralite-des-photos","status":"publish","type":"post","link":"http:\/\/stephane.weblog.starend.org\/?p=448","title":{"rendered":"Int\u00e9gralit\u00e9 des photos"},"content":{"rendered":"<p>Les photos sont maintenant int\u00e9gralement inject\u00e9es dans le site des balades :<br \/>\n<a title=\"http:\/\/balade.starend.org\/?a=2011&amp;c=voyage\" href=\"http:\/\/balade.starend.org\/?a=2011&amp;c=voyage\" target=\"_blank\">http:\/\/balade.starend.org\/?a=2011&amp;c=voyage<\/a><br \/>\nA consommer sans mod\u00e9ration :-)<\/p>\n<p style=\"text-align: center;\"><img decoding=\"async\" class=\"alignnone\" src=\"http:\/\/balade.starend.org\/balades\/2011.03.21_Colombie_-_1_Parc_botanique_San_Gil\/visuels\/_img4344.hdr.jpg.jpg\" alt=\"Arbre Ceiba\" \/><\/p>\n","protected":false},"excerpt":{"rendered":"<p>Les photos sont maintenant int\u00e9gralement inject\u00e9es dans le site des balades : http:\/\/balade.starend.org\/?a=2011&amp;c=voyage A consommer sans mod\u00e9ration :-)<\/p>\n","protected":false},"author":2,"featured_media":0,"comment_status":"open","ping_status":"open","sticky":false,"template":"","format":"standard","meta":[],"categories":[1],"tags":[],"_links":{"self":[{"href":"http:\/\/stephane.weblog.starend.org\/index.php?rest_route=\/wp\/v2\/posts\/448"}],"collection":[{"href":"http:\/\/stephane.weblog.starend.org\/index.php?rest_route=\/wp\/v2\/posts"}],"about":[{"href":"http:\/\/stephane.weblog.starend.org\/index.php?rest_route=\/wp\/v2\/types\/post"}],"author":[{"embeddable":true,"href":"http:\/\/stephane.weblog.starend.org\/index.php?rest_route=\/wp\/v2\/users\/2"}],"replies":[{"embeddable":true,"href":"http:\/\/stephane.weblog.starend.org\/index.php?rest_route=%2Fwp%2Fv2%2Fcomments&post=448"}],"version-history":[{"count":0,"href":"http:\/\/stephane.weblog.starend.org\/index.php?rest_route=\/wp\/v2\/posts\/448\/revisions"}],"wp:attachment":[{"href":"http:\/\/stephane.weblog.starend.org\/index.php?rest_route=%2Fwp%2Fv2%2Fmedia&parent=448"}],"wp:term":[{"taxonomy":"category","embeddable":true,"href":"http:\/\/stephane.weblog.starend.org\/index.php?rest_route=%2Fwp%2Fv2%2Fcategories&post=448"},{"taxonomy":"post_tag","embeddable":true,"href":"http:\/\/stephane.weblog.starend.org\/index.php?rest_route=%2Fwp%2Fv2%2Ftags&post=448"}],"curies":[{"name":"wp","href":"https:\/\/api.w.org\/{rel}","templated":true}]}}