{"id":434,"date":"2011-04-03T17:32:41","date_gmt":"2011-04-03T15:32:41","guid":{"rendered":"http:\/\/stephane.weblog.starend.org\/?p=434"},"modified":"2011-04-03T17:32:41","modified_gmt":"2011-04-03T15:32:41","slug":"30032011-bogota-paris","status":"publish","type":"post","link":"http:\/\/stephane.weblog.starend.org\/?p=434","title":{"rendered":"30\/03\/2011 Bogota-Paris"},"content":{"rendered":"<p>Ca y est, c&rsquo;est le jour du retour.<\/p>\n<p>On part pour l&rsquo;a\u00e9roport apr\u00e8s le d\u00e9jeuner.<br \/>\nLe d\u00e9collage est pr\u00e9vu \u00e0 16h05 (heure de Bogota) et on arrivera \u00e0 Paris le lendemain \u00e0 16h (heure de Paris).<\/p>\n<p>Pas de probl\u00e8me \u00e0 Bogota pour passer la Douane.<br \/>\nOn prend du caf\u00e9 et une petite boite d&rsquo;Aguardiante avec le reste d&rsquo;argent qu&rsquo;il nous reste en monnaie.<br \/>\nL&rsquo;avion fait une courte escale technique \u00e0 Medellin, on ne peut pas sortir.<br \/>\nLe vol se passe bien, mais on dort peu.<\/p>\n<p>A Madrid, au passage des d\u00e9tecteurs pour passer de la zone internationale \u00e0 la zone Europe, je me retrouve bloqu\u00e9.<br \/>\nDans ce que l&rsquo;on a pris au Duty-free \u00e0 Bogota, et qui est portant dans un sac scell\u00e9, tout ce qui est liquide doit \u00eatre v\u00e9rifi\u00e9 (et test\u00e9).<br \/>\nLe petit t\u00e9trabrique d&rsquo;Aguardiante est ouvert&#8230; pfu.<br \/>\nUne petite quantit\u00e9 est plac\u00e9e dans un petit verre plastique pour analyse (spectrometrie). OK. Je suis bon pour boire cul sec le verre plut\u00f4t que de le jeter. A 11h, apr\u00e8s une courte nuit,c&rsquo;est bon mais difficile de l&rsquo;appr\u00e9cier&#8230;<\/p>\n<p>Les mousquetons accroch\u00e9s au sac posent aussi probl\u00e8me.<br \/>\nLe plus petit tient l&rsquo;appareil photo, finalement le garde me le laissera.<br \/>\nPour l&rsquo;autre, le vert, il est trop gros.<br \/>\nJe ne l&rsquo;ai pas vu marqu\u00e9 dans ce qui est interdit&#8230; mais je vais pas parlementer une heure pour un petit mousqueton de 10 euros&#8230; De toute fa\u00e7on j&rsquo;aurais tort.<br \/>\nIl me servait il y a 15 ans pour la tyrolienne en Savoie&#8230; que de souvenirs&#8230;<\/p>\n<p>Je profite des 3 heures d&rsquo;attentes pour faire des photos de l&rsquo;a\u00e9roport, tr\u00e8s bien fait!<\/p>\n<p><!--more--><\/p>\n<p style=\"text-align: center;\"><a href=\"http:\/\/stephane.weblog.starend.org\/wp-uploads\/stephane\/2011\/04\/colombie_img4976.jpg\"><img decoding=\"async\" loading=\"lazy\" class=\"alignnone size-medium wp-image-435\" title=\"colombie_img4976\" src=\"http:\/\/stephane.weblog.starend.org\/wp-uploads\/stephane\/2011\/04\/colombie_img4976-300x199.jpg\" alt=\"\" width=\"300\" height=\"199\" \/><\/a><\/p>\n<p style=\"text-align: center;\"><a href=\"http:\/\/stephane.weblog.starend.org\/wp-uploads\/stephane\/2011\/04\/colombie_img4978.jpg\"><img decoding=\"async\" loading=\"lazy\" class=\"alignnone size-medium wp-image-436\" title=\"colombie_img4978\" src=\"http:\/\/stephane.weblog.starend.org\/wp-uploads\/stephane\/2011\/04\/colombie_img4978-300x199.jpg\" alt=\"\" width=\"300\" height=\"199\" \/><\/a><\/p>\n<p style=\"text-align: center;\"><a href=\"http:\/\/stephane.weblog.starend.org\/wp-uploads\/stephane\/2011\/04\/colombie_img4997.jpg\"><img decoding=\"async\" loading=\"lazy\" class=\"alignnone size-medium wp-image-437\" title=\"colombie_img4997\" src=\"http:\/\/stephane.weblog.starend.org\/wp-uploads\/stephane\/2011\/04\/colombie_img4997-300x199.jpg\" alt=\"\" width=\"300\" height=\"199\" \/><\/a><\/p>\n<p style=\"text-align: center;\"><a href=\"http:\/\/stephane.weblog.starend.org\/wp-uploads\/stephane\/2011\/04\/colombie_img5000.jpg\"><img decoding=\"async\" loading=\"lazy\" class=\"alignnone size-medium wp-image-438\" title=\"colombie_img5000\" src=\"http:\/\/stephane.weblog.starend.org\/wp-uploads\/stephane\/2011\/04\/colombie_img5000-300x199.jpg\" alt=\"\" width=\"300\" height=\"199\" \/><\/a><br \/>\nTiens, les consoles multim\u00e9dia de l&rsquo;avion sont sous Linux :-)<\/p>\n<p style=\"text-align: center;\"><a href=\"http:\/\/stephane.weblog.starend.org\/wp-uploads\/stephane\/2011\/04\/colombie_img5010.jpg\"><img decoding=\"async\" loading=\"lazy\" class=\"alignnone size-medium wp-image-439\" title=\"colombie_img5010\" src=\"http:\/\/stephane.weblog.starend.org\/wp-uploads\/stephane\/2011\/04\/colombie_img5010-300x199.jpg\" alt=\"\" width=\"300\" height=\"199\" \/><\/a><br \/>\nA\u00e9roport de Medellin.<\/p>\n<p style=\"text-align: center;\"><a href=\"http:\/\/stephane.weblog.starend.org\/wp-uploads\/stephane\/2011\/04\/colombie_img5015.jpg\"><img decoding=\"async\" loading=\"lazy\" class=\"alignnone size-medium wp-image-440\" title=\"colombie_img5015\" src=\"http:\/\/stephane.weblog.starend.org\/wp-uploads\/stephane\/2011\/04\/colombie_img5015-300x199.jpg\" alt=\"\" width=\"300\" height=\"199\" \/><\/a><br \/>\nA Madrid.<\/p>\n<p style=\"text-align: center;\"><a href=\"http:\/\/stephane.weblog.starend.org\/wp-uploads\/stephane\/2011\/04\/colombie_img5017.jpg\"><img decoding=\"async\" loading=\"lazy\" class=\"alignnone size-medium wp-image-441\" title=\"colombie_img5017\" src=\"http:\/\/stephane.weblog.starend.org\/wp-uploads\/stephane\/2011\/04\/colombie_img5017-300x199.jpg\" alt=\"\" width=\"300\" height=\"199\" \/><\/a><\/p>\n<p style=\"text-align: center;\"><a href=\"http:\/\/stephane.weblog.starend.org\/wp-uploads\/stephane\/2011\/04\/colombie_img5050.jpg\"><img decoding=\"async\" loading=\"lazy\" class=\"alignnone size-medium wp-image-442\" title=\"colombie_img5050\" src=\"http:\/\/stephane.weblog.starend.org\/wp-uploads\/stephane\/2011\/04\/colombie_img5050-300x199.jpg\" alt=\"\" width=\"300\" height=\"199\" \/><\/a><\/p>\n<p style=\"text-align: center;\"><a href=\"http:\/\/stephane.weblog.starend.org\/wp-uploads\/stephane\/2011\/04\/colombie_img5066.jpg\"><img decoding=\"async\" loading=\"lazy\" class=\"alignnone size-medium wp-image-443\" title=\"colombie_img5066\" src=\"http:\/\/stephane.weblog.starend.org\/wp-uploads\/stephane\/2011\/04\/colombie_img5066-199x300.jpg\" alt=\"\" width=\"199\" height=\"300\" \/><\/a><\/p>\n<p style=\"text-align: center;\"><a href=\"http:\/\/stephane.weblog.starend.org\/wp-uploads\/stephane\/2011\/04\/colombie_img5124.jpg\"><img decoding=\"async\" loading=\"lazy\" class=\"alignnone size-medium wp-image-444\" title=\"colombie_img5124\" src=\"http:\/\/stephane.weblog.starend.org\/wp-uploads\/stephane\/2011\/04\/colombie_img5124-199x300.jpg\" alt=\"\" width=\"199\" height=\"300\" \/><\/a><br \/>\nDiana \u00e0 la sortie de l&rsquo;a\u00e9roport, 16h35.<br \/>\nOn est chez nous.<\/p>\n","protected":false},"excerpt":{"rendered":"<p>Ca y est, c&rsquo;est le jour du retour. On part pour l&rsquo;a\u00e9roport apr\u00e8s le d\u00e9jeuner. Le d\u00e9collage est pr\u00e9vu \u00e0 16h05 (heure de Bogota) et on arrivera \u00e0 Paris le lendemain \u00e0 16h (heure de Paris). Pas de probl\u00e8me \u00e0 Bogota pour passer la Douane. On prend du caf\u00e9 et une petite boite d&rsquo;Aguardiante avec &hellip; <a href=\"http:\/\/stephane.weblog.starend.org\/?p=434\" class=\"more-link\">Continuer la lecture de <span class=\"screen-reader-text\">30\/03\/2011 Bogota-Paris<\/span> <span class=\"meta-nav\">&rarr;<\/span><\/a><\/p>\n","protected":false},"author":2,"featured_media":0,"comment_status":"open","ping_status":"open","sticky":false,"template":"","format":"standard","meta":[],"categories":[40,28],"tags":[97,296],"_links":{"self":[{"href":"http:\/\/stephane.weblog.starend.org\/index.php?rest_route=\/wp\/v2\/posts\/434"}],"collection":[{"href":"http:\/\/stephane.weblog.starend.org\/index.php?rest_route=\/wp\/v2\/posts"}],"about":[{"href":"http:\/\/stephane.weblog.starend.org\/index.php?rest_route=\/wp\/v2\/types\/post"}],"author":[{"embeddable":true,"href":"http:\/\/stephane.weblog.starend.org\/index.php?rest_route=\/wp\/v2\/users\/2"}],"replies":[{"embeddable":true,"href":"http:\/\/stephane.weblog.starend.org\/index.php?rest_route=%2Fwp%2Fv2%2Fcomments&post=434"}],"version-history":[{"count":0,"href":"http:\/\/stephane.weblog.starend.org\/index.php?rest_route=\/wp\/v2\/posts\/434\/revisions"}],"wp:attachment":[{"href":"http:\/\/stephane.weblog.starend.org\/index.php?rest_route=%2Fwp%2Fv2%2Fmedia&parent=434"}],"wp:term":[{"taxonomy":"category","embeddable":true,"href":"http:\/\/stephane.weblog.starend.org\/index.php?rest_route=%2Fwp%2Fv2%2Fcategories&post=434"},{"taxonomy":"post_tag","embeddable":true,"href":"http:\/\/stephane.weblog.starend.org\/index.php?rest_route=%2Fwp%2Fv2%2Ftags&post=434"}],"curies":[{"name":"wp","href":"https:\/\/api.w.org\/{rel}","templated":true}]}}