{"id":428,"date":"2011-04-03T16:40:06","date_gmt":"2011-04-03T14:40:06","guid":{"rendered":"http:\/\/stephane.weblog.starend.org\/?p=428"},"modified":"2011-04-03T16:40:06","modified_gmt":"2011-04-03T14:40:06","slug":"29032011-bogota-veille-de-depart","status":"publish","type":"post","link":"http:\/\/stephane.weblog.starend.org\/?p=428","title":{"rendered":"29\/03\/2011 Bogota &#8211; Veille de d\u00e9part"},"content":{"rendered":"<p>On est \u00e0 Bogota, \u00e0 la veille du d\u00e9part.<br \/>\nUne petite partie de la famille, qui habite \u00e0 proximit\u00e9, est venu pour une derni\u00e8re soir\u00e9e.<br \/>\nC&rsquo;est la premi\u00e8re fois de notre s\u00e9jour que l&rsquo;on a r\u00e9uni Diana avec son fr\u00e8re et ses deux s\u00c5\u201curs.<\/p>\n<p><!--more--><\/p>\n<p style=\"text-align: center;\"><a href=\"http:\/\/stephane.weblog.starend.org\/wp-uploads\/stephane\/2011\/04\/colombie_img4922.jpg\"><img decoding=\"async\" loading=\"lazy\" class=\"alignnone size-medium wp-image-429\" title=\"colombie_img4922\" src=\"http:\/\/stephane.weblog.starend.org\/wp-uploads\/stephane\/2011\/04\/colombie_img4922-300x199.jpg\" alt=\"\" width=\"300\" height=\"199\" \/><\/a><br \/>\nDiana avec son fr\u00e8re, ses s\u00c5\u201curs et ses parents.<\/p>\n<p style=\"text-align: center;\"><a href=\"http:\/\/stephane.weblog.starend.org\/wp-uploads\/stephane\/2011\/04\/colombie_img4926.jpg\"><img decoding=\"async\" loading=\"lazy\" class=\"alignnone size-medium wp-image-430\" title=\"colombie_img4926\" src=\"http:\/\/stephane.weblog.starend.org\/wp-uploads\/stephane\/2011\/04\/colombie_img4926-300x199.jpg\" alt=\"\" width=\"300\" height=\"199\" \/><\/a><\/p>\n<p style=\"text-align: center;\"><a href=\"http:\/\/stephane.weblog.starend.org\/wp-uploads\/stephane\/2011\/04\/colombie_img4930.jpg\"><img decoding=\"async\" loading=\"lazy\" class=\"alignnone size-medium wp-image-431\" title=\"colombie_img4930\" src=\"http:\/\/stephane.weblog.starend.org\/wp-uploads\/stephane\/2011\/04\/colombie_img4930-300x199.jpg\" alt=\"\" width=\"300\" height=\"199\" \/><\/a><\/p>\n<p style=\"text-align: center;\"><a href=\"http:\/\/stephane.weblog.starend.org\/wp-uploads\/stephane\/2011\/04\/colombie_img4935.jpg\"><img decoding=\"async\" loading=\"lazy\" class=\"alignnone size-medium wp-image-432\" title=\"colombie_img4935\" src=\"http:\/\/stephane.weblog.starend.org\/wp-uploads\/stephane\/2011\/04\/colombie_img4935-199x300.jpg\" alt=\"\" width=\"199\" height=\"300\" \/><\/a><\/p>\n<p style=\"text-align: center;\"><a href=\"http:\/\/stephane.weblog.starend.org\/wp-uploads\/stephane\/2011\/04\/colombie_img4936.jpg\"><img decoding=\"async\" loading=\"lazy\" class=\"alignnone size-medium wp-image-433\" title=\"colombie_img4936\" src=\"http:\/\/stephane.weblog.starend.org\/wp-uploads\/stephane\/2011\/04\/colombie_img4936-300x199.jpg\" alt=\"\" width=\"300\" height=\"199\" \/><\/a><\/p>\n","protected":false},"excerpt":{"rendered":"<p>On est \u00e0 Bogota, \u00e0 la veille du d\u00e9part. Une petite partie de la famille, qui habite \u00e0 proximit\u00e9, est venu pour une derni\u00e8re soir\u00e9e. C&rsquo;est la premi\u00e8re fois de notre s\u00e9jour que l&rsquo;on a r\u00e9uni Diana avec son fr\u00e8re et ses deux s\u00c5\u201curs.<\/p>\n","protected":false},"author":2,"featured_media":0,"comment_status":"open","ping_status":"open","sticky":false,"template":"","format":"standard","meta":[],"categories":[40,28],"tags":[97,175],"_links":{"self":[{"href":"http:\/\/stephane.weblog.starend.org\/index.php?rest_route=\/wp\/v2\/posts\/428"}],"collection":[{"href":"http:\/\/stephane.weblog.starend.org\/index.php?rest_route=\/wp\/v2\/posts"}],"about":[{"href":"http:\/\/stephane.weblog.starend.org\/index.php?rest_route=\/wp\/v2\/types\/post"}],"author":[{"embeddable":true,"href":"http:\/\/stephane.weblog.starend.org\/index.php?rest_route=\/wp\/v2\/users\/2"}],"replies":[{"embeddable":true,"href":"http:\/\/stephane.weblog.starend.org\/index.php?rest_route=%2Fwp%2Fv2%2Fcomments&post=428"}],"version-history":[{"count":0,"href":"http:\/\/stephane.weblog.starend.org\/index.php?rest_route=\/wp\/v2\/posts\/428\/revisions"}],"wp:attachment":[{"href":"http:\/\/stephane.weblog.starend.org\/index.php?rest_route=%2Fwp%2Fv2%2Fmedia&parent=428"}],"wp:term":[{"taxonomy":"category","embeddable":true,"href":"http:\/\/stephane.weblog.starend.org\/index.php?rest_route=%2Fwp%2Fv2%2Fcategories&post=428"},{"taxonomy":"post_tag","embeddable":true,"href":"http:\/\/stephane.weblog.starend.org\/index.php?rest_route=%2Fwp%2Fv2%2Ftags&post=428"}],"curies":[{"name":"wp","href":"https:\/\/api.w.org\/{rel}","templated":true}]}}