{"id":407,"date":"2011-03-30T06:10:31","date_gmt":"2011-03-30T04:10:31","guid":{"rendered":"http:\/\/stephane.weblog.starend.org\/?p=407"},"modified":"2011-03-30T06:10:31","modified_gmt":"2011-03-30T04:10:31","slug":"27032011-autour-de-villapinzon","status":"publish","type":"post","link":"http:\/\/stephane.weblog.starend.org\/?p=407","title":{"rendered":"27\/03\/2011 Autour de Villapinzon"},"content":{"rendered":"<p>Cet apr\u00e8s-midi, nous allons nous balader au dessus de Villapinzon.<br \/>\nPas tr\u00e8s haut, mais sur un chemin carrossable comme il en existe beaucoup par ici.<br \/>\nEt on est tomb\u00e9 sur un chouette petit coin de paradis :-)<\/p>\n<p><!--more--><\/p>\n<p style=\"text-align: center;\"><a href=\"http:\/\/stephane.weblog.starend.org\/wp-uploads\/stephane\/2011\/03\/colombie_img4831.jpg\"><img decoding=\"async\" loading=\"lazy\" class=\"alignnone size-medium wp-image-408\" title=\"colombie_img4831\" src=\"http:\/\/stephane.weblog.starend.org\/wp-uploads\/stephane\/2011\/03\/colombie_img4831-199x300.jpg\" alt=\"\" width=\"199\" height=\"300\" \/><\/a><\/p>\n<p style=\"text-align: center;\"><a href=\"http:\/\/stephane.weblog.starend.org\/wp-uploads\/stephane\/2011\/03\/colombie_img4832.jpg\"><img decoding=\"async\" loading=\"lazy\" class=\"alignnone size-medium wp-image-409\" title=\"colombie_img4832\" src=\"http:\/\/stephane.weblog.starend.org\/wp-uploads\/stephane\/2011\/03\/colombie_img4832-300x199.jpg\" alt=\"\" width=\"300\" height=\"199\" \/><\/a><\/p>\n<p style=\"text-align: center;\"><a href=\"http:\/\/stephane.weblog.starend.org\/wp-uploads\/stephane\/2011\/03\/colombie_img4835.jpg\"><img decoding=\"async\" loading=\"lazy\" class=\"alignnone size-medium wp-image-410\" title=\"colombie_img4835\" src=\"http:\/\/stephane.weblog.starend.org\/wp-uploads\/stephane\/2011\/03\/colombie_img4835-300x199.jpg\" alt=\"\" width=\"300\" height=\"199\" \/><\/a><\/p>\n<p style=\"text-align: center;\"><a href=\"http:\/\/stephane.weblog.starend.org\/wp-uploads\/stephane\/2011\/03\/colombie_img4836.jpg\"><img decoding=\"async\" loading=\"lazy\" class=\"alignnone size-medium wp-image-411\" title=\"colombie_img4836\" src=\"http:\/\/stephane.weblog.starend.org\/wp-uploads\/stephane\/2011\/03\/colombie_img4836-300x199.jpg\" alt=\"\" width=\"300\" height=\"199\" \/><\/a><\/p>\n<p style=\"text-align: center;\"><a href=\"http:\/\/stephane.weblog.starend.org\/wp-uploads\/stephane\/2011\/03\/colombie_img4839.jpg\"><img decoding=\"async\" loading=\"lazy\" class=\"alignnone size-medium wp-image-412\" title=\"colombie_img4839\" src=\"http:\/\/stephane.weblog.starend.org\/wp-uploads\/stephane\/2011\/03\/colombie_img4839-300x199.jpg\" alt=\"\" width=\"300\" height=\"199\" \/><\/a><\/p>\n<p style=\"text-align: center;\"><a href=\"http:\/\/stephane.weblog.starend.org\/wp-uploads\/stephane\/2011\/03\/colombie_img4840.jpg\"><img decoding=\"async\" loading=\"lazy\" class=\"alignnone size-medium wp-image-413\" title=\"colombie_img4840\" src=\"http:\/\/stephane.weblog.starend.org\/wp-uploads\/stephane\/2011\/03\/colombie_img4840-300x199.jpg\" alt=\"\" width=\"300\" height=\"199\" \/><\/a><\/p>\n<p style=\"text-align: center;\"><a href=\"http:\/\/stephane.weblog.starend.org\/wp-uploads\/stephane\/2011\/03\/colombie_img4842.jpg\"><img decoding=\"async\" loading=\"lazy\" class=\"alignnone size-medium wp-image-414\" title=\"colombie_img4842\" src=\"http:\/\/stephane.weblog.starend.org\/wp-uploads\/stephane\/2011\/03\/colombie_img4842-300x199.jpg\" alt=\"\" width=\"300\" height=\"199\" \/><\/a><\/p>\n<p style=\"text-align: center;\"><a href=\"http:\/\/stephane.weblog.starend.org\/wp-uploads\/stephane\/2011\/03\/colombie_img4844hdr.jpg\"><img decoding=\"async\" loading=\"lazy\" class=\"alignnone size-medium wp-image-415\" title=\"colombie_img4844hdr\" src=\"http:\/\/stephane.weblog.starend.org\/wp-uploads\/stephane\/2011\/03\/colombie_img4844hdr-300x199.jpg\" alt=\"\" width=\"300\" height=\"199\" \/><\/a><\/p>\n<p style=\"text-align: center;\"><a href=\"http:\/\/stephane.weblog.starend.org\/wp-uploads\/stephane\/2011\/03\/colombie_img4850.jpg\"><img decoding=\"async\" loading=\"lazy\" class=\"alignnone size-medium wp-image-416\" title=\"colombie_img4850\" src=\"http:\/\/stephane.weblog.starend.org\/wp-uploads\/stephane\/2011\/03\/colombie_img4850-300x199.jpg\" alt=\"\" width=\"300\" height=\"199\" \/><\/a><\/p>\n","protected":false},"excerpt":{"rendered":"<p>Cet apr\u00e8s-midi, nous allons nous balader au dessus de Villapinzon. Pas tr\u00e8s haut, mais sur un chemin carrossable comme il en existe beaucoup par ici. Et on est tomb\u00e9 sur un chouette petit coin de paradis :-)<\/p>\n","protected":false},"author":2,"featured_media":0,"comment_status":"open","ping_status":"open","sticky":false,"template":"","format":"standard","meta":[],"categories":[40,28],"tags":[407],"_links":{"self":[{"href":"http:\/\/stephane.weblog.starend.org\/index.php?rest_route=\/wp\/v2\/posts\/407"}],"collection":[{"href":"http:\/\/stephane.weblog.starend.org\/index.php?rest_route=\/wp\/v2\/posts"}],"about":[{"href":"http:\/\/stephane.weblog.starend.org\/index.php?rest_route=\/wp\/v2\/types\/post"}],"author":[{"embeddable":true,"href":"http:\/\/stephane.weblog.starend.org\/index.php?rest_route=\/wp\/v2\/users\/2"}],"replies":[{"embeddable":true,"href":"http:\/\/stephane.weblog.starend.org\/index.php?rest_route=%2Fwp%2Fv2%2Fcomments&post=407"}],"version-history":[{"count":0,"href":"http:\/\/stephane.weblog.starend.org\/index.php?rest_route=\/wp\/v2\/posts\/407\/revisions"}],"wp:attachment":[{"href":"http:\/\/stephane.weblog.starend.org\/index.php?rest_route=%2Fwp%2Fv2%2Fmedia&parent=407"}],"wp:term":[{"taxonomy":"category","embeddable":true,"href":"http:\/\/stephane.weblog.starend.org\/index.php?rest_route=%2Fwp%2Fv2%2Fcategories&post=407"},{"taxonomy":"post_tag","embeddable":true,"href":"http:\/\/stephane.weblog.starend.org\/index.php?rest_route=%2Fwp%2Fv2%2Ftags&post=407"}],"curies":[{"name":"wp","href":"https:\/\/api.w.org\/{rel}","templated":true}]}}