{"id":396,"date":"2011-03-30T02:39:37","date_gmt":"2011-03-30T00:39:37","guid":{"rendered":"http:\/\/stephane.weblog.starend.org\/?p=396"},"modified":"2011-03-30T02:39:37","modified_gmt":"2011-03-30T00:39:37","slug":"27032011-marche-de-villapinzon","status":"publish","type":"post","link":"http:\/\/stephane.weblog.starend.org\/?p=396","title":{"rendered":"27\/03\/2011 March\u00e9 de Villapinzon"},"content":{"rendered":"<p>Je voulais refaire quelques photos du march\u00e9 de Villapinzon.<br \/>\nJ&rsquo;y vais ce matin avec le p\u00e8re de Diana&#8230; elle dort encore ;-)<\/p>\n<p>Le march\u00e9 est couvert, mais la moiti\u00e9 des stands sont \u00e0 l&rsquo;ext\u00e9rieur.<br \/>\nA l&rsquo;int\u00e9rieur, on trouve tout ce qui est alimentaire.<br \/>\nA l&rsquo;ext\u00e9rieur, \u00e0 part quelques vendeurs de l\u00e9gumes, on trouve tout ce qui est v\u00eatements et objets divers.<br \/>\nParmi tous les stands de fruits, j&rsquo;ai crois\u00e9 deux stands de viande. C&rsquo;est \u00e0 l&rsquo;air libre mais aucune odeur en passant devant.<!--more--><\/p>\n<p>De mani\u00e8re g\u00e9n\u00e9rale, j&rsquo;ai trouv\u00e9 les magasins assez propres.<br \/>\nLes vendeurs portent des gants pour manipuler les denr\u00e9es alimentaires&#8230; et enl\u00e8vent leurs gants pour manipuler l&rsquo;argent. Et pas juste parce que je suis l\u00e0 (en touriste).<br \/>\nCa parait de bon sens mais en France j&rsquo;en vois tr\u00e8s souvent avec des gants&#8230; qui manipulent l&rsquo;argent avec&#8230; bref \u00e7a sert \u00e0 rien :-\/<\/p>\n<p>La viande est tr\u00e8s bonne et peu ch\u00e8re, et on est tr\u00e8s g\u00e9n\u00e9reusement servit!<br \/>\nLes l\u00e9gumes sont un peu diff\u00e9rents de ce que l&rsquo;on trouve sur nos march\u00e9s.<br \/>\nLes fruits sont beaucoup plus nombreux, go\u00fcteux et bon march\u00e9.<br \/>\nC&rsquo;est de la production \u00ab\u00a0locale\u00a0\u00bb, les prix sont bas et les produits g\u00e9n\u00e9ralement de bonne qualit\u00e9s gustatives.<br \/>\nLes oranges paraissent verte mais en fait elles sont bien m\u00fcrs et tr\u00e8s sucr\u00e9es :-)<\/p>\n<p>La seule fois o\u00f9 on n&rsquo;a pas trop appr\u00e9ci\u00e9 les fruits, c&rsquo;est \u00e0 San Gil.<br \/>\nLes fruits, pourtant aussi produits localement, passaient par une centrale d&rsquo;achat \u00e0 Bogota.<br \/>\nDonc assez ch\u00e8re et pas tr\u00e8s go\u00fcteux&#8230; bref \u00e7a ressemble \u00e0 nos centrales d&rsquo;achat en France&#8230;<\/p>\n<p>Enfin, difficile de prendre des photos des gens du coin avec leur poncho en laine de mouton.<br \/>\nCette tenue est tr\u00e8s typique des montagnes, avec un chapeau.<br \/>\nIls sont assez timides et refusent gentiment et en rougissant d&rsquo;\u00eatre pris en photo&#8230;<\/p>\n<p style=\"text-align: center;\"><a href=\"http:\/\/stephane.weblog.starend.org\/wp-uploads\/stephane\/2011\/03\/colombie_img4795.jpg\"><img decoding=\"async\" loading=\"lazy\" class=\"alignnone size-medium wp-image-397\" title=\"colombie_img4795\" src=\"http:\/\/stephane.weblog.starend.org\/wp-uploads\/stephane\/2011\/03\/colombie_img4795-300x199.jpg\" alt=\"\" width=\"300\" height=\"199\" \/><\/a><\/p>\n<p style=\"text-align: center;\"><a href=\"http:\/\/stephane.weblog.starend.org\/wp-uploads\/stephane\/2011\/03\/colombie_img4798.jpg\"><img decoding=\"async\" loading=\"lazy\" class=\"alignnone size-medium wp-image-398\" title=\"colombie_img4798\" src=\"http:\/\/stephane.weblog.starend.org\/wp-uploads\/stephane\/2011\/03\/colombie_img4798-300x199.jpg\" alt=\"\" width=\"300\" height=\"199\" \/><\/a><\/p>\n<p style=\"text-align: center;\"><a href=\"http:\/\/stephane.weblog.starend.org\/wp-uploads\/stephane\/2011\/03\/colombie_img4800.jpg\"><img decoding=\"async\" loading=\"lazy\" class=\"alignnone size-medium wp-image-399\" title=\"colombie_img4800\" src=\"http:\/\/stephane.weblog.starend.org\/wp-uploads\/stephane\/2011\/03\/colombie_img4800-300x199.jpg\" alt=\"\" width=\"300\" height=\"199\" \/><\/a><\/p>\n<p style=\"text-align: center;\"><a href=\"http:\/\/stephane.weblog.starend.org\/wp-uploads\/stephane\/2011\/03\/colombie_img4802.jpg\"><img decoding=\"async\" loading=\"lazy\" class=\"alignnone size-medium wp-image-400\" title=\"colombie_img4802\" src=\"http:\/\/stephane.weblog.starend.org\/wp-uploads\/stephane\/2011\/03\/colombie_img4802-199x300.jpg\" alt=\"\" width=\"199\" height=\"300\" \/><\/a><\/p>\n<p style=\"text-align: center;\"><a href=\"http:\/\/stephane.weblog.starend.org\/wp-uploads\/stephane\/2011\/03\/colombie_img4803.jpg\"><img decoding=\"async\" loading=\"lazy\" class=\"alignnone size-medium wp-image-401\" title=\"colombie_img4803\" src=\"http:\/\/stephane.weblog.starend.org\/wp-uploads\/stephane\/2011\/03\/colombie_img4803-300x199.jpg\" alt=\"\" width=\"300\" height=\"199\" \/><\/a><\/p>\n<p style=\"text-align: center;\"><a href=\"http:\/\/stephane.weblog.starend.org\/wp-uploads\/stephane\/2011\/03\/colombie_img4806.jpg\"><img decoding=\"async\" loading=\"lazy\" class=\"alignnone size-medium wp-image-402\" title=\"colombie_img4806\" src=\"http:\/\/stephane.weblog.starend.org\/wp-uploads\/stephane\/2011\/03\/colombie_img4806-300x199.jpg\" alt=\"\" width=\"300\" height=\"199\" \/><\/a><\/p>\n<p style=\"text-align: center;\"><a href=\"http:\/\/stephane.weblog.starend.org\/wp-uploads\/stephane\/2011\/03\/colombie_img4807co.jpg\"><img decoding=\"async\" loading=\"lazy\" class=\"alignnone size-medium wp-image-403\" title=\"colombie_img4807co\" src=\"http:\/\/stephane.weblog.starend.org\/wp-uploads\/stephane\/2011\/03\/colombie_img4807co-300x199.jpg\" alt=\"\" width=\"300\" height=\"199\" \/><\/a><\/p>\n<p style=\"text-align: center;\"><a href=\"http:\/\/stephane.weblog.starend.org\/wp-uploads\/stephane\/2011\/03\/colombie_img4808.jpg\"><img decoding=\"async\" loading=\"lazy\" class=\"alignnone size-medium wp-image-404\" title=\"colombie_img4808\" src=\"http:\/\/stephane.weblog.starend.org\/wp-uploads\/stephane\/2011\/03\/colombie_img4808-300x199.jpg\" alt=\"\" width=\"300\" height=\"199\" \/><\/a><\/p>\n<p style=\"text-align: center;\"><a href=\"http:\/\/stephane.weblog.starend.org\/wp-uploads\/stephane\/2011\/03\/colombie_img4809.jpg\"><img decoding=\"async\" loading=\"lazy\" class=\"alignnone size-medium wp-image-405\" title=\"colombie_img4809\" src=\"http:\/\/stephane.weblog.starend.org\/wp-uploads\/stephane\/2011\/03\/colombie_img4809-300x199.jpg\" alt=\"\" width=\"300\" height=\"199\" \/><\/a><\/p>\n<p style=\"text-align: center;\"><a href=\"http:\/\/stephane.weblog.starend.org\/wp-uploads\/stephane\/2011\/03\/colombie_img4813.jpg\"><img decoding=\"async\" loading=\"lazy\" class=\"alignnone size-medium wp-image-406\" title=\"colombie_img4813\" src=\"http:\/\/stephane.weblog.starend.org\/wp-uploads\/stephane\/2011\/03\/colombie_img4813-300x199.jpg\" alt=\"\" width=\"300\" height=\"199\" \/><\/a><\/p>\n","protected":false},"excerpt":{"rendered":"<p>Je voulais refaire quelques photos du march\u00e9 de Villapinzon. J&rsquo;y vais ce matin avec le p\u00e8re de Diana&#8230; elle dort encore ;-) Le march\u00e9 est couvert, mais la moiti\u00e9 des stands sont \u00e0 l&rsquo;ext\u00e9rieur. A l&rsquo;int\u00e9rieur, on trouve tout ce qui est alimentaire. A l&rsquo;ext\u00e9rieur, \u00e0 part quelques vendeurs de l\u00e9gumes, on trouve tout ce &hellip; <a href=\"http:\/\/stephane.weblog.starend.org\/?p=396\" class=\"more-link\">Continuer la lecture de <span class=\"screen-reader-text\">27\/03\/2011 March\u00e9 de Villapinzon<\/span> <span class=\"meta-nav\">&rarr;<\/span><\/a><\/p>\n","protected":false},"author":2,"featured_media":0,"comment_status":"open","ping_status":"open","sticky":false,"template":"","format":"standard","meta":[],"categories":[40,28],"tags":[407],"_links":{"self":[{"href":"http:\/\/stephane.weblog.starend.org\/index.php?rest_route=\/wp\/v2\/posts\/396"}],"collection":[{"href":"http:\/\/stephane.weblog.starend.org\/index.php?rest_route=\/wp\/v2\/posts"}],"about":[{"href":"http:\/\/stephane.weblog.starend.org\/index.php?rest_route=\/wp\/v2\/types\/post"}],"author":[{"embeddable":true,"href":"http:\/\/stephane.weblog.starend.org\/index.php?rest_route=\/wp\/v2\/users\/2"}],"replies":[{"embeddable":true,"href":"http:\/\/stephane.weblog.starend.org\/index.php?rest_route=%2Fwp%2Fv2%2Fcomments&post=396"}],"version-history":[{"count":0,"href":"http:\/\/stephane.weblog.starend.org\/index.php?rest_route=\/wp\/v2\/posts\/396\/revisions"}],"wp:attachment":[{"href":"http:\/\/stephane.weblog.starend.org\/index.php?rest_route=%2Fwp%2Fv2%2Fmedia&parent=396"}],"wp:term":[{"taxonomy":"category","embeddable":true,"href":"http:\/\/stephane.weblog.starend.org\/index.php?rest_route=%2Fwp%2Fv2%2Fcategories&post=396"},{"taxonomy":"post_tag","embeddable":true,"href":"http:\/\/stephane.weblog.starend.org\/index.php?rest_route=%2Fwp%2Fv2%2Ftags&post=396"}],"curies":[{"name":"wp","href":"https:\/\/api.w.org\/{rel}","templated":true}]}}