{"id":374,"date":"2011-03-30T02:08:54","date_gmt":"2011-03-30T00:08:54","guid":{"rendered":"http:\/\/stephane.weblog.starend.org\/?p=374"},"modified":"2011-03-30T02:08:54","modified_gmt":"2011-03-30T00:08:54","slug":"25032011-jardin-botanique","status":"publish","type":"post","link":"http:\/\/stephane.weblog.starend.org\/?p=374","title":{"rendered":"25\/03\/2011 Jardin botanique"},"content":{"rendered":"<p>L&rsquo;apr\u00e8s-midi, nous allons voir une amie architecte de Diana.<br \/>\nOn passe vers chez elle par le jardin botanique de Bogota.<\/p>\n<p>Il y a un serre pour papillons, magnifiques! Ca vol de partout!<\/p>\n<p>On trouve aussi des serres avec la v\u00e9g\u00e9tation repr\u00e9sentative de diff\u00e9rentes altitudes en Colombie.<br \/>\nCa passe de la montagne aux r\u00e9gions beaucoup plus chaudes.<\/p>\n<p><!--more--><\/p>\n<p style=\"text-align: center;\"><a href=\"http:\/\/stephane.weblog.starend.org\/wp-uploads\/stephane\/2011\/03\/colombie_img4650.jpg\"><img decoding=\"async\" loading=\"lazy\" class=\"alignnone size-medium wp-image-375\" title=\"colombie_img4650\" src=\"http:\/\/stephane.weblog.starend.org\/wp-uploads\/stephane\/2011\/03\/colombie_img4650-300x199.jpg\" alt=\"\" width=\"300\" height=\"199\" \/><\/a><\/p>\n<p style=\"text-align: center;\"><a href=\"http:\/\/stephane.weblog.starend.org\/wp-uploads\/stephane\/2011\/03\/colombie_img4653.jpg\"><img decoding=\"async\" loading=\"lazy\" class=\"alignnone size-medium wp-image-376\" title=\"colombie_img4653\" src=\"http:\/\/stephane.weblog.starend.org\/wp-uploads\/stephane\/2011\/03\/colombie_img4653-300x199.jpg\" alt=\"\" width=\"300\" height=\"199\" \/><\/a><\/p>\n<p style=\"text-align: center;\"><a href=\"http:\/\/stephane.weblog.starend.org\/wp-uploads\/stephane\/2011\/03\/colombie_img4655.jpg\"><img decoding=\"async\" loading=\"lazy\" class=\"alignnone size-medium wp-image-377\" title=\"colombie_img4655\" src=\"http:\/\/stephane.weblog.starend.org\/wp-uploads\/stephane\/2011\/03\/colombie_img4655-300x199.jpg\" alt=\"\" width=\"300\" height=\"199\" \/><\/a><\/p>\n<p style=\"text-align: center;\"><a href=\"http:\/\/stephane.weblog.starend.org\/wp-uploads\/stephane\/2011\/03\/colombie_img4682.jpg\"><img decoding=\"async\" loading=\"lazy\" class=\"alignnone size-medium wp-image-378\" title=\"colombie_img4682\" src=\"http:\/\/stephane.weblog.starend.org\/wp-uploads\/stephane\/2011\/03\/colombie_img4682-300x199.jpg\" alt=\"\" width=\"300\" height=\"199\" \/><\/a><\/p>\n<p style=\"text-align: center;\"><a href=\"http:\/\/stephane.weblog.starend.org\/wp-uploads\/stephane\/2011\/03\/colombie_img4699.jpg\"><img decoding=\"async\" loading=\"lazy\" class=\"alignnone size-medium wp-image-379\" title=\"colombie_img4699\" src=\"http:\/\/stephane.weblog.starend.org\/wp-uploads\/stephane\/2011\/03\/colombie_img4699-300x199.jpg\" alt=\"\" width=\"300\" height=\"199\" \/><\/a><\/p>\n<p style=\"text-align: center;\"><a href=\"http:\/\/stephane.weblog.starend.org\/wp-uploads\/stephane\/2011\/03\/colombie_img4727.jpg\"><img decoding=\"async\" loading=\"lazy\" class=\"alignnone size-medium wp-image-380\" title=\"colombie_img4727\" src=\"http:\/\/stephane.weblog.starend.org\/wp-uploads\/stephane\/2011\/03\/colombie_img4727-300x199.jpg\" alt=\"\" width=\"300\" height=\"199\" \/><\/a><\/p>\n<p style=\"text-align: center;\"><a href=\"http:\/\/stephane.weblog.starend.org\/wp-uploads\/stephane\/2011\/03\/colombie_img4735.jpg\"><img decoding=\"async\" loading=\"lazy\" class=\"alignnone size-medium wp-image-381\" title=\"colombie_img4735\" src=\"http:\/\/stephane.weblog.starend.org\/wp-uploads\/stephane\/2011\/03\/colombie_img4735-300x199.jpg\" alt=\"\" width=\"300\" height=\"199\" \/><\/a><\/p>\n<p style=\"text-align: center;\"><a href=\"http:\/\/stephane.weblog.starend.org\/wp-uploads\/stephane\/2011\/03\/colombie_img4750.jpg\"><img decoding=\"async\" loading=\"lazy\" class=\"alignnone size-medium wp-image-382\" title=\"colombie_img4750\" src=\"http:\/\/stephane.weblog.starend.org\/wp-uploads\/stephane\/2011\/03\/colombie_img4750-300x199.jpg\" alt=\"\" width=\"300\" height=\"199\" \/><\/a><\/p>\n<p style=\"text-align: center;\"><a href=\"http:\/\/stephane.weblog.starend.org\/wp-uploads\/stephane\/2011\/03\/colombie_img4760.jpg\"><img decoding=\"async\" loading=\"lazy\" class=\"alignnone size-medium wp-image-383\" title=\"colombie_img4760\" src=\"http:\/\/stephane.weblog.starend.org\/wp-uploads\/stephane\/2011\/03\/colombie_img4760-300x199.jpg\" alt=\"\" width=\"300\" height=\"199\" \/><\/a><\/p>\n<p style=\"text-align: center;\"><a href=\"http:\/\/stephane.weblog.starend.org\/wp-uploads\/stephane\/2011\/03\/colombie_img4769.jpg\"><img decoding=\"async\" loading=\"lazy\" class=\"alignnone size-medium wp-image-384\" title=\"colombie_img4769\" src=\"http:\/\/stephane.weblog.starend.org\/wp-uploads\/stephane\/2011\/03\/colombie_img4769-300x199.jpg\" alt=\"\" width=\"300\" height=\"199\" \/><\/a><\/p>\n","protected":false},"excerpt":{"rendered":"<p>L&rsquo;apr\u00e8s-midi, nous allons voir une amie architecte de Diana. On passe vers chez elle par le jardin botanique de Bogota. Il y a un serre pour papillons, magnifiques! Ca vol de partout! On trouve aussi des serres avec la v\u00e9g\u00e9tation repr\u00e9sentative de diff\u00e9rentes altitudes en Colombie. Ca passe de la montagne aux r\u00e9gions beaucoup plus &hellip; <a href=\"http:\/\/stephane.weblog.starend.org\/?p=374\" class=\"more-link\">Continuer la lecture de <span class=\"screen-reader-text\">25\/03\/2011 Jardin botanique<\/span> <span class=\"meta-nav\">&rarr;<\/span><\/a><\/p>\n","protected":false},"author":2,"featured_media":0,"comment_status":"open","ping_status":"open","sticky":false,"template":"","format":"standard","meta":[],"categories":[40,28],"tags":[221],"_links":{"self":[{"href":"http:\/\/stephane.weblog.starend.org\/index.php?rest_route=\/wp\/v2\/posts\/374"}],"collection":[{"href":"http:\/\/stephane.weblog.starend.org\/index.php?rest_route=\/wp\/v2\/posts"}],"about":[{"href":"http:\/\/stephane.weblog.starend.org\/index.php?rest_route=\/wp\/v2\/types\/post"}],"author":[{"embeddable":true,"href":"http:\/\/stephane.weblog.starend.org\/index.php?rest_route=\/wp\/v2\/users\/2"}],"replies":[{"embeddable":true,"href":"http:\/\/stephane.weblog.starend.org\/index.php?rest_route=%2Fwp%2Fv2%2Fcomments&post=374"}],"version-history":[{"count":0,"href":"http:\/\/stephane.weblog.starend.org\/index.php?rest_route=\/wp\/v2\/posts\/374\/revisions"}],"wp:attachment":[{"href":"http:\/\/stephane.weblog.starend.org\/index.php?rest_route=%2Fwp%2Fv2%2Fmedia&parent=374"}],"wp:term":[{"taxonomy":"category","embeddable":true,"href":"http:\/\/stephane.weblog.starend.org\/index.php?rest_route=%2Fwp%2Fv2%2Fcategories&post=374"},{"taxonomy":"post_tag","embeddable":true,"href":"http:\/\/stephane.weblog.starend.org\/index.php?rest_route=%2Fwp%2Fv2%2Ftags&post=374"}],"curies":[{"name":"wp","href":"https:\/\/api.w.org\/{rel}","templated":true}]}}