{"id":37,"date":"2010-10-26T14:20:03","date_gmt":"2010-10-26T12:20:03","guid":{"rendered":"http:\/\/stephane.weblog.starend.org\/?p=37"},"modified":"2010-10-26T14:20:03","modified_gmt":"2010-10-26T12:20:03","slug":"la-courbe-du-deuil","status":"publish","type":"post","link":"http:\/\/stephane.weblog.starend.org\/?p=37","title":{"rendered":"La courbe du deuil version FT"},"content":{"rendered":"<p>Au premier abord, curieuse technique que l&rsquo;enseignement de la courbe du deuil en management de personnel.<\/p>\n<p><!--more--><\/p>\n<p>Suite \u00e0 un \u00ab\u00a0stage\u00a0\u00bb de management du personnel, certains cadres (fort bien pay\u00e9s donc) de France T\u00e9l\u00e9com (maintenant Orange) ont commenc\u00e9 \u00e0 mettre en pratique la bataille d&rsquo;Angleterre et la courbe du deuil pour r\u00e9duire de 22000 personnes le groupe sans payer de frais de licenciement. R\u00e9sultat, 58 suicides en trois ans&#8230;<\/p>\n<p>La bataille d&rsquo;Angleterre ne sert qu&rsquo;\u00e0 justifier les morts, les gens qui d\u00e9missionnent d&rsquo;eux-m\u00eame en fait. L&rsquo;entreprise doit r\u00e9agir au plus vite, menac\u00e9e par la concurrence sur le secteur des t\u00e9l\u00e9communications.<\/p>\n<p>La courbe du deuil est plus une description des diff\u00e9rentes phases que traverse une personne qui vient de subir un choc ou une sid\u00e9ration. Bref, elle doit faire le deuil de quelques chose, une situation ou quelqu&rsquo;un. Ca ressemble \u00e0 \u00e7a \u00e0 l&rsquo;origine :<\/p>\n<p style=\"text-align: center;\"><a href=\"http:\/\/stephane.weblog.starend.org\/wp-uploads\/stephane\/2010\/10\/courbe_deuil_originale.png\"><img decoding=\"async\" loading=\"lazy\" class=\"alignnone size-full wp-image-38 aligncenter\" title=\"courbe_deuil_originale\" src=\"http:\/\/stephane.weblog.starend.org\/wp-uploads\/stephane\/2010\/10\/courbe_deuil_originale.png\" alt=\"\" width=\"286\" height=\"381\" \/><\/a><br \/>\n<em>Courbe du deuil originale<\/em><\/p>\n<p>La version adapt\u00e9e (sp\u00e9cialement pour) France T\u00e9l\u00e9com est un peu diff\u00e9rente. Elle m\u00e9lange les diff\u00e9rentes phrases du deuil, sur un axe, avec \u00ab\u00a0l&rsquo;\u00e9nergie\u00a0\u00bb au travail de l&#8217;employ\u00e9. Il en ressort cette courbe en forme d&rsquo;escargot :<\/p>\n<p style=\"text-align: center;\"><a href=\"http:\/\/stephane.weblog.starend.org\/wp-uploads\/stephane\/2010\/10\/courbe_deuil_ft.jpg\"><img decoding=\"async\" loading=\"lazy\" class=\"alignnone size-full wp-image-39\" title=\"courbe_deuil_ft\" src=\"http:\/\/stephane.weblog.starend.org\/wp-uploads\/stephane\/2010\/10\/courbe_deuil_ft.jpg\" alt=\"\" width=\"500\" height=\"350\" \/><\/a><br \/>\n<em>Courbe du deuil version FT<\/em><\/p>\n<p>On peut rapidement noter d\u00e9j\u00e0 le \u00ab\u00a0d\u00e9pression\u00a0\u00bb remplac\u00e9 par \u00ab\u00a0d\u00e9compression\u00a0\u00bb. En fait la \u00ab\u00a0d\u00e9pression\u00a0\u00bb pour le \u00ab\u00a0con\u00a0\u00bb (de manager RH). Lapsus r\u00e9v\u00e9lateur?<\/p>\n<p>La \u00ab\u00a0d\u00e9compression\u00a0\u00bb, il se trouve que c&rsquo;est la phase dangereuse pour l&#8217;employ\u00e9. Risque de suicide donc. Virage serr\u00e9 avec des pertes potentielles (les morts). Mais cela n&rsquo;est visiblement pas pr\u00e9cis\u00e9 lors du \u00ab\u00a0stage\u00a0\u00bb management, alors que c&rsquo;est s\u00fcrement la pr\u00e9occupation premi\u00e8re de la courbe du deuil originale. 58 suicides en trois ans, dr\u00f4le de r\u00e9sultat quand on attend 22000 d\u00e9parts volontaires.<\/p>\n<p>La phase dangereuse pour l&rsquo;entreprise est la \u00ab\u00a0r\u00e9sistance\u00a0\u00bb, \u00e0 rapprocher de \u00ab\u00a0col\u00e8re\u00a0\u00bb. Comme pr\u00e9cis\u00e9 pendant le \u00ab\u00a0stage\u00a0\u00bb, l&#8217;employer peut se livrer \u00e0 des actes de sabotage.<\/p>\n<p>Derni\u00e8re chose, vous avez remarqu\u00e9 que la courbe s&rsquo;envole all\u00e8grement lorsque l&#8217;employ\u00e9 passe le cap de la \u00ab\u00a0r\u00e9signation\u00a0\u00bb ?<br \/>\nAlors que la courbe original revient simplement \u00e0 son niveau de d\u00e9part !?<br \/>\nVous croyez vraiment que la personne que l&rsquo;on mute contre son gr\u00e9 va \u00eatre encore plus satisfaite et performante qu&rsquo;avant???<br \/>\nEn fait, elle doit dans le meilleur des cas revenir au m\u00eame endroit. Cette adaptation de la courbe ne sert \u00e0 mon sens qu&rsquo;\u00e0 pr\u00e9parer le manager \u00e0 l&rsquo;utiliser&#8230; A le rassurer dans le changement en cours en lui faisant croire que \u00e7a serait mieux apr\u00e8s!<\/p>\n<p>Et oui, m\u00eame les managers ont d\u00fc subir cette courbe&#8230;<\/p>\n<p>Cela me rappelle un autre article sur le harc\u00e8lement moral au travail. G\u00e9n\u00e9ralement les victimes ont d\u00e9j\u00e0 vu d&rsquo;autres coll\u00e8gues \u00eatre harcel\u00e9s avant elles. Qu&rsquo;ont-elles fait \u00e0 ce moment l\u00e0? Rien.<\/p>\n<p>Liens :<br \/>\n<a title=\"http:\/\/naturellementmoi.over-blog.com\/article-19771265.html\" href=\"http:\/\/naturellementmoi.over-blog.com\/article-19771265.html\" target=\"_blank\">naturellementmoi<\/a><br \/>\n<a title=\"http:\/\/eco.rue89.com\/2010\/10\/01\/stage-france-telecom-courbe-du-deuil-et-casse-du-salarie-169002\" href=\"http:\/\/eco.rue89.com\/2010\/10\/01\/stage-france-telecom-courbe-du-deuil-et-casse-du-salarie-169002\" target=\"_blank\">Rue98<\/a><br \/>\n<a title=\"http:\/\/www.lesinrocks.com\/actualite\/actu-article\/t\/51122\/date\/2010-09-25\/article\/humiliation-depression-demission-loffre-triple-play-de-france-telecom\/\" href=\"http:\/\/www.lesinrocks.com\/actualite\/actu-article\/t\/51122\/date\/2010-09-25\/article\/humiliation-depression-demission-loffre-triple-play-de-france-telecom\/\" target=\"_blank\">Inrocks<\/a><\/p>\n<p>A \u00e9viter donc :<br \/>\n<a title=\"http:\/\/www.obifive.fr\/\" href=\"http:\/\/www.obifive.fr\/\" target=\"_blank\">Obifive<\/a><br \/>\n<a title=\"http:\/\/www.orgaconsultants.com\/\" href=\"http:\/\/www.orgaconsultants.com\/\" target=\"_blank\">Orga Consultants<\/a><\/p>\n","protected":false},"excerpt":{"rendered":"<p>Au premier abord, curieuse technique que l&rsquo;enseignement de la courbe du deuil en management de personnel.<\/p>\n","protected":false},"author":2,"featured_media":0,"comment_status":"open","ping_status":"open","sticky":false,"template":"","format":"standard","meta":[],"categories":[2],"tags":[129,149,249],"_links":{"self":[{"href":"http:\/\/stephane.weblog.starend.org\/index.php?rest_route=\/wp\/v2\/posts\/37"}],"collection":[{"href":"http:\/\/stephane.weblog.starend.org\/index.php?rest_route=\/wp\/v2\/posts"}],"about":[{"href":"http:\/\/stephane.weblog.starend.org\/index.php?rest_route=\/wp\/v2\/types\/post"}],"author":[{"embeddable":true,"href":"http:\/\/stephane.weblog.starend.org\/index.php?rest_route=\/wp\/v2\/users\/2"}],"replies":[{"embeddable":true,"href":"http:\/\/stephane.weblog.starend.org\/index.php?rest_route=%2Fwp%2Fv2%2Fcomments&post=37"}],"version-history":[{"count":0,"href":"http:\/\/stephane.weblog.starend.org\/index.php?rest_route=\/wp\/v2\/posts\/37\/revisions"}],"wp:attachment":[{"href":"http:\/\/stephane.weblog.starend.org\/index.php?rest_route=%2Fwp%2Fv2%2Fmedia&parent=37"}],"wp:term":[{"taxonomy":"category","embeddable":true,"href":"http:\/\/stephane.weblog.starend.org\/index.php?rest_route=%2Fwp%2Fv2%2Fcategories&post=37"},{"taxonomy":"post_tag","embeddable":true,"href":"http:\/\/stephane.weblog.starend.org\/index.php?rest_route=%2Fwp%2Fv2%2Ftags&post=37"}],"curies":[{"name":"wp","href":"https:\/\/api.w.org\/{rel}","templated":true}]}}