{"id":33,"date":"2010-10-16T21:16:57","date_gmt":"2010-10-16T19:16:57","guid":{"rendered":"http:\/\/stephane.weblog.starend.org\/?p=33"},"modified":"2010-10-16T21:16:57","modified_gmt":"2010-10-16T19:16:57","slug":"citation-du-jour-theorie-du-doigt-mouille","status":"publish","type":"post","link":"http:\/\/stephane.weblog.starend.org\/?p=33","title":{"rendered":"Citation du jour \/ th\u00e9orie du doigt mouill\u00e9"},"content":{"rendered":"<p>Le math\u00e9maticien <em>Beno\u00eet Mandelbrot<\/em> nous a quitt\u00e9 jeudi&#8230; pas ses fractales. Lien <a title=\"http:\/\/www.lemonde.fr\/carnet\/article\/2010\/10\/16\/la-mathematicien-benoit-mandelbrot-est-mort_1427385_3382.html#ens_id=1427387\" href=\"http:\/\/www.lemonde.fr\/carnet\/article\/2010\/10\/16\/la-mathematicien-benoit-mandelbrot-est-mort_1427385_3382.html#ens_id=1427387\" target=\"_blank\">Lemonde.fr<\/a><\/p>\n<p>Lors d&rsquo;un <a title=\"http:\/\/www.lemonde.fr\/economie\/article\/2009\/10\/17\/benoit-mandelbrot-il-etait-inevitable-que-des-choses-tres-graves-se-produisent_1255238_3234.html\" href=\"http:\/\/www.lemonde.fr\/economie\/article\/2009\/10\/17\/benoit-mandelbrot-il-etait-inevitable-que-des-choses-tres-graves-se-produisent_1255238_3234.html\" target=\"_blank\">entretien<\/a> du 18\/10\/2009, il parlait d&rsquo;\u00e9conomie. J&rsquo;ai bien aim\u00e9 le passage :<br \/>\n\u00ab\u00a0<strong>Aujourd&rsquo;hui, la plupart de ces compagnies (<\/strong><strong>financi\u00e8res de Wall Street)<\/strong><strong> ont renvoy\u00e9 leurs chercheurs.  Alors la question est de savoir \u00e0 quelle th\u00e9orie ils se fient ? A celle  du doigt mouill\u00e9 ? Je ne sais pas.<\/strong>\u00a0\u00bb<\/p>\n<p style=\"text-align: center;\"><img decoding=\"async\" loading=\"lazy\" src=\"http:\/\/t1.gstatic.com\/images?q=tbn:ANd9GcQ31PhLAhYdoDSa8Voeqq5o6jgDZm9XpinhGUMrg1oqy68sYeM&amp;t=1&amp;usg=__ta0b7ckXwgBJ_Kk6rWDSrnDfQdI=\" alt=\"Fractale Mandelbrot\" width=\"259\" height=\"194\" \/><\/p>\n<p><!--more--><\/p>\n<p>Lien Lemonde.fr : http:\/\/www.lemonde.fr\/carnet\/article\/2010\/10\/16\/la-mathematicien-benoit-mandelbrot-est-mort_1427385_3382.html#ens_id=1427387<br \/>\nLien entretien : http:\/\/www.lemonde.fr\/economie\/article\/2009\/10\/17\/benoit-mandelbrot-il-etait-inevitable-que-des-choses-tres-graves-se-produisent_1255238_3234.html<\/p>\n","protected":false},"excerpt":{"rendered":"<p>Le math\u00e9maticien Beno\u00eet Mandelbrot nous a quitt\u00e9 jeudi&#8230; pas ses fractales. Lien Lemonde.fr Lors d&rsquo;un entretien du 18\/10\/2009, il parlait d&rsquo;\u00e9conomie. J&rsquo;ai bien aim\u00e9 le passage : \u00ab\u00a0Aujourd&rsquo;hui, la plupart de ces compagnies (financi\u00e8res de Wall Street) ont renvoy\u00e9 leurs chercheurs. Alors la question est de savoir \u00e0 quelle th\u00e9orie ils se fient ? A &hellip; <a href=\"http:\/\/stephane.weblog.starend.org\/?p=33\" class=\"more-link\">Continuer la lecture de <span class=\"screen-reader-text\">Citation du jour \/ th\u00e9orie du doigt mouill\u00e9<\/span> <span class=\"meta-nav\">&rarr;<\/span><\/a><\/p>\n","protected":false},"author":2,"featured_media":0,"comment_status":"open","ping_status":"open","sticky":false,"template":"","format":"standard","meta":[],"categories":[7],"tags":[118,157,181,250],"_links":{"self":[{"href":"http:\/\/stephane.weblog.starend.org\/index.php?rest_route=\/wp\/v2\/posts\/33"}],"collection":[{"href":"http:\/\/stephane.weblog.starend.org\/index.php?rest_route=\/wp\/v2\/posts"}],"about":[{"href":"http:\/\/stephane.weblog.starend.org\/index.php?rest_route=\/wp\/v2\/types\/post"}],"author":[{"embeddable":true,"href":"http:\/\/stephane.weblog.starend.org\/index.php?rest_route=\/wp\/v2\/users\/2"}],"replies":[{"embeddable":true,"href":"http:\/\/stephane.weblog.starend.org\/index.php?rest_route=%2Fwp%2Fv2%2Fcomments&post=33"}],"version-history":[{"count":0,"href":"http:\/\/stephane.weblog.starend.org\/index.php?rest_route=\/wp\/v2\/posts\/33\/revisions"}],"wp:attachment":[{"href":"http:\/\/stephane.weblog.starend.org\/index.php?rest_route=%2Fwp%2Fv2%2Fmedia&parent=33"}],"wp:term":[{"taxonomy":"category","embeddable":true,"href":"http:\/\/stephane.weblog.starend.org\/index.php?rest_route=%2Fwp%2Fv2%2Fcategories&post=33"},{"taxonomy":"post_tag","embeddable":true,"href":"http:\/\/stephane.weblog.starend.org\/index.php?rest_route=%2Fwp%2Fv2%2Ftags&post=33"}],"curies":[{"name":"wp","href":"https:\/\/api.w.org\/{rel}","templated":true}]}}