{"id":327,"date":"2011-03-26T16:21:50","date_gmt":"2011-03-26T14:21:50","guid":{"rendered":"http:\/\/stephane.weblog.starend.org\/?p=327"},"modified":"2011-03-26T16:21:50","modified_gmt":"2011-03-26T14:21:50","slug":"21032011-san-gil-villapinzon","status":"publish","type":"post","link":"http:\/\/stephane.weblog.starend.org\/?p=327","title":{"rendered":"21\/03\/2011 San Gil-Villapinzon"},"content":{"rendered":"<p>De retour de long week-end autour de San Gil.<\/p>\n<p>Arr\u00eat \u00e0 Socorro.<br \/>\nC&rsquo;est de l\u00e0 qu&rsquo;avait d\u00e9marr\u00e9 la r\u00e9volution de \u00ab\u00a0Los Comuneros\u00a0\u00bb.<\/p>\n<p>Apr\u00e8s Socorro, le temps se couvre.<br \/>\nOn prend la pluie \u00e0 partir de Tunja.<\/p>\n<p><!--more--><\/p>\n<p style=\"text-align: center;\"><a href=\"http:\/\/stephane.weblog.starend.org\/wp-uploads\/stephane\/2011\/03\/colombie_img4505.jpg\"><img decoding=\"async\" loading=\"lazy\" class=\"alignnone size-medium wp-image-328\" title=\"colombie_img4505\" src=\"http:\/\/stephane.weblog.starend.org\/wp-uploads\/stephane\/2011\/03\/colombie_img4505-199x300.jpg\" alt=\"\" width=\"199\" height=\"300\" \/><\/a><br \/>\nStatue de comm\u00e9moration de la r\u00e9volution de \u00ab\u00a0Los Comuneros\u00a0\u00bb.<\/p>\n<p style=\"text-align: center;\"><a href=\"http:\/\/stephane.weblog.starend.org\/wp-uploads\/stephane\/2011\/03\/colombie_img4506.jpg\"><img decoding=\"async\" loading=\"lazy\" class=\"alignnone size-medium wp-image-329\" title=\"colombie_img4506\" src=\"http:\/\/stephane.weblog.starend.org\/wp-uploads\/stephane\/2011\/03\/colombie_img4506-199x300.jpg\" alt=\"\" width=\"199\" height=\"300\" \/><\/a><br \/>\nEglise de Socorro.<\/p>\n<p style=\"text-align: center;\"><a href=\"http:\/\/stephane.weblog.starend.org\/wp-uploads\/stephane\/2011\/03\/colombie_img4507.jpg\"><img decoding=\"async\" loading=\"lazy\" class=\"alignnone size-medium wp-image-330\" title=\"colombie_img4507\" src=\"http:\/\/stephane.weblog.starend.org\/wp-uploads\/stephane\/2011\/03\/colombie_img4507-199x300.jpg\" alt=\"\" width=\"199\" height=\"300\" \/><\/a><br \/>\nLa place principale.<\/p>\n<p style=\"text-align: center;\"><a href=\"http:\/\/stephane.weblog.starend.org\/wp-uploads\/stephane\/2011\/03\/colombie_img4513.jpg\"><img decoding=\"async\" loading=\"lazy\" class=\"alignnone size-medium wp-image-331\" title=\"colombie_img4513\" src=\"http:\/\/stephane.weblog.starend.org\/wp-uploads\/stephane\/2011\/03\/colombie_img4513-199x300.jpg\" alt=\"\" width=\"199\" height=\"300\" \/><\/a><br \/>\nPlus haut sur le village, monument.<\/p>\n<p style=\"text-align: center;\"><a href=\"http:\/\/stephane.weblog.starend.org\/wp-uploads\/stephane\/2011\/03\/colombie_img4519hdr.jpg\"><img decoding=\"async\" loading=\"lazy\" class=\"alignnone size-medium wp-image-332\" title=\"colombie_img4519hdr\" src=\"http:\/\/stephane.weblog.starend.org\/wp-uploads\/stephane\/2011\/03\/colombie_img4519hdr-199x300.jpg\" alt=\"\" width=\"199\" height=\"300\" \/><\/a><br \/>\nUn tr\u00e8s vieil arbre dans la ville.<br \/>\n(traitement HDR)<\/p>\n<p style=\"text-align: center;\"><a href=\"http:\/\/stephane.weblog.starend.org\/wp-uploads\/stephane\/2011\/03\/colombie_img4535cotm.jpg\"><img decoding=\"async\" loading=\"lazy\" class=\"alignnone size-medium wp-image-333\" title=\"colombie_img4535cotm\" src=\"http:\/\/stephane.weblog.starend.org\/wp-uploads\/stephane\/2011\/03\/colombie_img4535cotm-300x199.jpg\" alt=\"\" width=\"300\" height=\"199\" \/><\/a><br \/>\nSur le chemin du retour.<\/p>\n<p style=\"text-align: center;\"><a href=\"http:\/\/stephane.weblog.starend.org\/wp-uploads\/stephane\/2011\/03\/colombie_img4538co.jpg\"><img decoding=\"async\" loading=\"lazy\" class=\"alignnone size-medium wp-image-334\" title=\"colombie_img4538co\" src=\"http:\/\/stephane.weblog.starend.org\/wp-uploads\/stephane\/2011\/03\/colombie_img4538co-300x199.jpg\" alt=\"\" width=\"300\" height=\"199\" \/><\/a><\/p>\n<p style=\"text-align: center;\"><a href=\"http:\/\/stephane.weblog.starend.org\/wp-uploads\/stephane\/2011\/03\/colombie_img4540co.jpg\"><img decoding=\"async\" loading=\"lazy\" class=\"alignnone size-medium wp-image-335\" title=\"colombie_img4540co\" src=\"http:\/\/stephane.weblog.starend.org\/wp-uploads\/stephane\/2011\/03\/colombie_img4540co-300x199.jpg\" alt=\"\" width=\"300\" height=\"199\" \/><\/a><\/p>\n<p style=\"text-align: center;\"><a href=\"http:\/\/stephane.weblog.starend.org\/wp-uploads\/stephane\/2011\/03\/colombie_img4542co.jpg\"><img decoding=\"async\" loading=\"lazy\" class=\"alignnone size-medium wp-image-336\" title=\"colombie_img4542co\" src=\"http:\/\/stephane.weblog.starend.org\/wp-uploads\/stephane\/2011\/03\/colombie_img4542co-300x199.jpg\" alt=\"\" width=\"300\" height=\"199\" \/><\/a><\/p>\n<p style=\"text-align: center;\"><a href=\"http:\/\/stephane.weblog.starend.org\/wp-uploads\/stephane\/2011\/03\/colombie_img4559.jpg\"><img decoding=\"async\" class=\"alignnone size-medium wp-image-337\" title=\"colombie_img4559\" src=\"http:\/\/stephane.weblog.starend.org\/wp-uploads\/stephane\/2011\/03\/colombie_img4559.jpg\" alt=\"\" \/><\/a><br \/>\nA Tunja sous la pluie.<\/p>\n","protected":false},"excerpt":{"rendered":"<p>De retour de long week-end autour de San Gil. Arr\u00eat \u00e0 Socorro. C&rsquo;est de l\u00e0 qu&rsquo;avait d\u00e9marr\u00e9 la r\u00e9volution de \u00ab\u00a0Los Comuneros\u00a0\u00bb. Apr\u00e8s Socorro, le temps se couvre. On prend la pluie \u00e0 partir de Tunja.<\/p>\n","protected":false},"author":2,"featured_media":0,"comment_status":"open","ping_status":"open","sticky":false,"template":"","format":"standard","meta":[],"categories":[40,28],"tags":[342,354,393,407],"_links":{"self":[{"href":"http:\/\/stephane.weblog.starend.org\/index.php?rest_route=\/wp\/v2\/posts\/327"}],"collection":[{"href":"http:\/\/stephane.weblog.starend.org\/index.php?rest_route=\/wp\/v2\/posts"}],"about":[{"href":"http:\/\/stephane.weblog.starend.org\/index.php?rest_route=\/wp\/v2\/types\/post"}],"author":[{"embeddable":true,"href":"http:\/\/stephane.weblog.starend.org\/index.php?rest_route=\/wp\/v2\/users\/2"}],"replies":[{"embeddable":true,"href":"http:\/\/stephane.weblog.starend.org\/index.php?rest_route=%2Fwp%2Fv2%2Fcomments&post=327"}],"version-history":[{"count":0,"href":"http:\/\/stephane.weblog.starend.org\/index.php?rest_route=\/wp\/v2\/posts\/327\/revisions"}],"wp:attachment":[{"href":"http:\/\/stephane.weblog.starend.org\/index.php?rest_route=%2Fwp%2Fv2%2Fmedia&parent=327"}],"wp:term":[{"taxonomy":"category","embeddable":true,"href":"http:\/\/stephane.weblog.starend.org\/index.php?rest_route=%2Fwp%2Fv2%2Fcategories&post=327"},{"taxonomy":"post_tag","embeddable":true,"href":"http:\/\/stephane.weblog.starend.org\/index.php?rest_route=%2Fwp%2Fv2%2Ftags&post=327"}],"curies":[{"name":"wp","href":"https:\/\/api.w.org\/{rel}","templated":true}]}}