{"id":305,"date":"2011-03-26T03:12:16","date_gmt":"2011-03-26T01:12:16","guid":{"rendered":"http:\/\/stephane.weblog.starend.org\/?p=305"},"modified":"2011-03-26T03:12:16","modified_gmt":"2011-03-26T01:12:16","slug":"20032011-curiti","status":"publish","type":"post","link":"http:\/\/stephane.weblog.starend.org\/?p=305","title":{"rendered":"20\/03\/2011 Curiti"},"content":{"rendered":"<p>Apr\u00e8s le parc de Chicamocha, nous nous arr\u00eatons en rentrant \u00e0 Curiti, petit village typique.<\/p>\n<p>On y vend notamment tout ce qui se fait en fils de fibre naturelle comme des sacs.<\/p>\n<p>D&rsquo;une ancienne \u00e9glise ne reste que le clocher et la fa\u00e7ade avant.<br \/>\nUne nouvelle \u00e9glise a \u00e9t\u00e9 construite juste derri\u00e8re.<\/p>\n<p>En sortant de l&rsquo;\u00e9glise, on a vu que le clocher \u00e9tait ouvert, et visiblement accessible au public.<br \/>\nApr\u00e8s un long et \u00e9troit escalier en colima\u00e7on, on acc\u00e8de au balcon int\u00e9rieur qui fait face \u00e0 la nouvelle \u00e9glise, puis au sommet.<\/p>\n<p><!--more--><\/p>\n<p style=\"text-align: center;\"><a href=\"http:\/\/stephane.weblog.starend.org\/wp-uploads\/stephane\/2011\/03\/colombie_img4306co.jpg\"><img decoding=\"async\" loading=\"lazy\" class=\"alignnone size-medium wp-image-306\" title=\"colombie_img4306co\" src=\"http:\/\/stephane.weblog.starend.org\/wp-uploads\/stephane\/2011\/03\/colombie_img4306co-300x150.jpg\" alt=\"\" width=\"300\" height=\"150\" \/><\/a><br \/>\nSur le chemin, des arbres en fleur.<\/p>\n<p style=\"text-align: center;\"><a href=\"http:\/\/stephane.weblog.starend.org\/wp-uploads\/stephane\/2011\/03\/colombie_img4311co.jpg\"><img decoding=\"async\" loading=\"lazy\" class=\"alignnone size-medium wp-image-307\" title=\"colombie_img4311co\" src=\"http:\/\/stephane.weblog.starend.org\/wp-uploads\/stephane\/2011\/03\/colombie_img4311co-199x300.jpg\" alt=\"\" width=\"199\" height=\"300\" \/><\/a><br \/>\nL&rsquo;\u00e9glise de Curiti.<\/p>\n<p style=\"text-align: center;\"><a href=\"http:\/\/stephane.weblog.starend.org\/wp-uploads\/stephane\/2011\/03\/colombie_img4312co.jpg\"><img decoding=\"async\" loading=\"lazy\" class=\"alignnone size-medium wp-image-308\" title=\"colombie_img4312co\" src=\"http:\/\/stephane.weblog.starend.org\/wp-uploads\/stephane\/2011\/03\/colombie_img4312co-199x300.jpg\" alt=\"\" width=\"199\" height=\"300\" \/><\/a><br \/>\nDe l&rsquo;ancienne \u00e9glise reste le clocher et la fa\u00e7ade.<\/p>\n<p style=\"text-align: center;\"><a href=\"http:\/\/stephane.weblog.starend.org\/wp-uploads\/stephane\/2011\/03\/colombie_img4314.jpg\"><img decoding=\"async\" loading=\"lazy\" class=\"alignnone size-medium wp-image-309\" title=\"colombie_img4314\" src=\"http:\/\/stephane.weblog.starend.org\/wp-uploads\/stephane\/2011\/03\/colombie_img4314-199x300.jpg\" alt=\"\" width=\"199\" height=\"300\" \/><\/a><br \/>\nL&rsquo;int\u00e9rieur de la nouvelle \u00e9glise.<\/p>\n<p style=\"text-align: center;\"><a href=\"http:\/\/stephane.weblog.starend.org\/wp-uploads\/stephane\/2011\/03\/colombie_img4316.jpg\"><img decoding=\"async\" loading=\"lazy\" class=\"alignnone size-medium wp-image-310\" title=\"colombie_img4316\" src=\"http:\/\/stephane.weblog.starend.org\/wp-uploads\/stephane\/2011\/03\/colombie_img4316-199x300.jpg\" alt=\"\" width=\"199\" height=\"300\" \/><\/a><br \/>\nLa deuxi\u00e8me partie de l&rsquo;int\u00e9rieur de la nouvelle \u00e9glise.<\/p>\n<p style=\"text-align: center;\"><a href=\"http:\/\/stephane.weblog.starend.org\/wp-uploads\/stephane\/2011\/03\/colombie_img4318co.jpg\"><img decoding=\"async\" loading=\"lazy\" class=\"alignnone size-medium wp-image-311\" title=\"colombie_img4318co\" src=\"http:\/\/stephane.weblog.starend.org\/wp-uploads\/stephane\/2011\/03\/colombie_img4318co-300x199.jpg\" alt=\"\" width=\"300\" height=\"199\" \/><\/a><br \/>\nLa place principale vu du sommet du clocher.<\/p>\n<p style=\"text-align: center;\"><a href=\"http:\/\/stephane.weblog.starend.org\/wp-uploads\/stephane\/2011\/03\/colombie_img4321co.jpg\"><img decoding=\"async\" loading=\"lazy\" class=\"alignnone size-medium wp-image-312\" title=\"colombie_img4321co\" src=\"http:\/\/stephane.weblog.starend.org\/wp-uploads\/stephane\/2011\/03\/colombie_img4321co-300x199.jpg\" alt=\"\" width=\"300\" height=\"199\" \/><\/a><br \/>\nLa ville vu de haut.<\/p>\n<p style=\"text-align: center;\"><a href=\"http:\/\/stephane.weblog.starend.org\/wp-uploads\/stephane\/2011\/03\/colombie_img4323co.jpg\"><img decoding=\"async\" loading=\"lazy\" class=\"alignnone size-medium wp-image-313\" title=\"colombie_img4323co\" src=\"http:\/\/stephane.weblog.starend.org\/wp-uploads\/stephane\/2011\/03\/colombie_img4323co-300x199.jpg\" alt=\"\" width=\"300\" height=\"199\" \/><\/a><br \/>\nLa ville vu de haut.<\/p>\n<p style=\"text-align: center;\"><a href=\"http:\/\/stephane.weblog.starend.org\/wp-uploads\/stephane\/2011\/03\/colombie_img4326.jpg\"><img decoding=\"async\" loading=\"lazy\" class=\"alignnone size-medium wp-image-314\" title=\"colombie_img4326\" src=\"http:\/\/stephane.weblog.starend.org\/wp-uploads\/stephane\/2011\/03\/colombie_img4326-199x300.jpg\" alt=\"\" width=\"199\" height=\"300\" \/><\/a><br \/>\nL&rsquo;int\u00e9rieur de la partie haute du clocher.<\/p>\n<p style=\"text-align: center;\"><a href=\"http:\/\/stephane.weblog.starend.org\/wp-uploads\/stephane\/2011\/03\/colombie_img4328.jpg\"><img decoding=\"async\" loading=\"lazy\" class=\"alignnone size-medium wp-image-315\" title=\"colombie_img4328\" src=\"http:\/\/stephane.weblog.starend.org\/wp-uploads\/stephane\/2011\/03\/colombie_img4328-199x300.jpg\" alt=\"\" width=\"199\" height=\"300\" \/><\/a><br \/>\nUne des cloches.<\/p>\n","protected":false},"excerpt":{"rendered":"<p>Apr\u00e8s le parc de Chicamocha, nous nous arr\u00eatons en rentrant \u00e0 Curiti, petit village typique. On y vend notamment tout ce qui se fait en fils de fibre naturelle comme des sacs. D&rsquo;une ancienne \u00e9glise ne reste que le clocher et la fa\u00e7ade avant. Une nouvelle \u00e9glise a \u00e9t\u00e9 construite juste derri\u00e8re. En sortant de &hellip; <a href=\"http:\/\/stephane.weblog.starend.org\/?p=305\" class=\"more-link\">Continuer la lecture de <span class=\"screen-reader-text\">20\/03\/2011 Curiti<\/span> <span class=\"meta-nav\">&rarr;<\/span><\/a><\/p>\n","protected":false},"author":2,"featured_media":0,"comment_status":"open","ping_status":"open","sticky":false,"template":"","format":"standard","meta":[],"categories":[40,28],"tags":[136],"_links":{"self":[{"href":"http:\/\/stephane.weblog.starend.org\/index.php?rest_route=\/wp\/v2\/posts\/305"}],"collection":[{"href":"http:\/\/stephane.weblog.starend.org\/index.php?rest_route=\/wp\/v2\/posts"}],"about":[{"href":"http:\/\/stephane.weblog.starend.org\/index.php?rest_route=\/wp\/v2\/types\/post"}],"author":[{"embeddable":true,"href":"http:\/\/stephane.weblog.starend.org\/index.php?rest_route=\/wp\/v2\/users\/2"}],"replies":[{"embeddable":true,"href":"http:\/\/stephane.weblog.starend.org\/index.php?rest_route=%2Fwp%2Fv2%2Fcomments&post=305"}],"version-history":[{"count":0,"href":"http:\/\/stephane.weblog.starend.org\/index.php?rest_route=\/wp\/v2\/posts\/305\/revisions"}],"wp:attachment":[{"href":"http:\/\/stephane.weblog.starend.org\/index.php?rest_route=%2Fwp%2Fv2%2Fmedia&parent=305"}],"wp:term":[{"taxonomy":"category","embeddable":true,"href":"http:\/\/stephane.weblog.starend.org\/index.php?rest_route=%2Fwp%2Fv2%2Fcategories&post=305"},{"taxonomy":"post_tag","embeddable":true,"href":"http:\/\/stephane.weblog.starend.org\/index.php?rest_route=%2Fwp%2Fv2%2Ftags&post=305"}],"curies":[{"name":"wp","href":"https:\/\/api.w.org\/{rel}","templated":true}]}}