{"id":294,"date":"2011-03-25T17:24:19","date_gmt":"2011-03-25T15:24:19","guid":{"rendered":"http:\/\/stephane.weblog.starend.org\/?p=294"},"modified":"2011-03-25T17:24:19","modified_gmt":"2011-03-25T15:24:19","slug":"20032011-canyon-de-chicamocha","status":"publish","type":"post","link":"http:\/\/stephane.weblog.starend.org\/?p=294","title":{"rendered":"20\/03\/2011 Canyon de Chicamocha"},"content":{"rendered":"<p>Pas loin de San Gil (Santander) se trouve le canyon de Chicamocha.<br \/>\nIl est assez impressionnant, on a 1000m de d\u00e9nivel\u00e9 entre le parc et le fleuve en dessous.<br \/>\nEt les falaises en face sont encore plus hautes.<\/p>\n<p>Un t\u00e9l\u00e9ph\u00e9rique traverse la vall\u00e9e jusqu&rsquo;\u00e0 une station en haut des falaises en face.<br \/>\nIl descend jusqu&rsquo;au fleuve puis remonte tranquillement en passant par dessus quelques fermes \u00e9parses et compl\u00e8tement isol\u00e9es \u00e0 flanc de montagne.<\/p>\n<p><!--more--><\/p>\n<p style=\"text-align: center;\"><a href=\"http:\/\/stephane.weblog.starend.org\/wp-uploads\/stephane\/2011\/03\/colombie_img4136pano.jpg\"><img decoding=\"async\" loading=\"lazy\" class=\"alignnone size-medium wp-image-295\" title=\"colombie_img4136pano\" src=\"http:\/\/stephane.weblog.starend.org\/wp-uploads\/stephane\/2011\/03\/colombie_img4136pano-300x129.jpg\" alt=\"\" width=\"300\" height=\"129\" \/><\/a><br \/>\nPanoramique du canyon (150\u00c2\u00b0).<\/p>\n<p style=\"text-align: center;\"><a href=\"http:\/\/stephane.weblog.starend.org\/wp-uploads\/stephane\/2011\/03\/colombie_img4162.jpg\"><img decoding=\"async\" loading=\"lazy\" class=\"alignnone size-medium wp-image-296\" title=\"colombie_img4162\" src=\"http:\/\/stephane.weblog.starend.org\/wp-uploads\/stephane\/2011\/03\/colombie_img4162-300x199.jpg\" alt=\"\" width=\"300\" height=\"199\" \/><\/a><br \/>\nV\u00e9g\u00e9tation en bas du canyon.<\/p>\n<p style=\"text-align: center;\"><a href=\"http:\/\/stephane.weblog.starend.org\/wp-uploads\/stephane\/2011\/03\/colombie_img4167.jpg\"><img decoding=\"async\" loading=\"lazy\" class=\"alignnone size-medium wp-image-297\" title=\"colombie_img4167\" src=\"http:\/\/stephane.weblog.starend.org\/wp-uploads\/stephane\/2011\/03\/colombie_img4167-300x199.jpg\" alt=\"\" width=\"300\" height=\"199\" \/><\/a><br \/>\nLe fleuve.<\/p>\n<p style=\"text-align: center;\"><a href=\"http:\/\/stephane.weblog.starend.org\/wp-uploads\/stephane\/2011\/03\/colombie_img4174.jpg\"><img decoding=\"async\" loading=\"lazy\" class=\"alignnone size-medium wp-image-298\" title=\"colombie_img4174\" src=\"http:\/\/stephane.weblog.starend.org\/wp-uploads\/stephane\/2011\/03\/colombie_img4174-300x199.jpg\" alt=\"\" width=\"300\" height=\"199\" \/><\/a><br \/>\nLe fleuve en remontant c\u00f4t\u00e9 falaises.<\/p>\n<p style=\"text-align: center;\"><a href=\"http:\/\/stephane.weblog.starend.org\/wp-uploads\/stephane\/2011\/03\/colombie_img4204.jpg\"><img decoding=\"async\" loading=\"lazy\" class=\"alignnone size-medium wp-image-299\" title=\"colombie_img4204\" src=\"http:\/\/stephane.weblog.starend.org\/wp-uploads\/stephane\/2011\/03\/colombie_img4204-199x300.jpg\" alt=\"\" width=\"199\" height=\"300\" \/><\/a><br \/>\nLes falaises.<\/p>\n<p style=\"text-align: center;\"><a href=\"http:\/\/stephane.weblog.starend.org\/wp-uploads\/stephane\/2011\/03\/colombie_img4238.jpg\"><img decoding=\"async\" loading=\"lazy\" class=\"alignnone size-medium wp-image-300\" title=\"colombie_img4238\" src=\"http:\/\/stephane.weblog.starend.org\/wp-uploads\/stephane\/2011\/03\/colombie_img4238-300x199.jpg\" alt=\"\" width=\"300\" height=\"199\" \/><\/a><br \/>\nLe fleuve en remontant vers le parc.<\/p>\n<p style=\"text-align: center;\"><a href=\"http:\/\/stephane.weblog.starend.org\/wp-uploads\/stephane\/2011\/03\/colombie_img4247hdr.jpg\"><img decoding=\"async\" loading=\"lazy\" class=\"alignnone size-medium wp-image-301\" title=\"colombie_img4247hdr\" src=\"http:\/\/stephane.weblog.starend.org\/wp-uploads\/stephane\/2011\/03\/colombie_img4247hdr-300x199.jpg\" alt=\"\" width=\"300\" height=\"199\" \/><\/a><br \/>\nStatues.<br \/>\n(traitement HDR)<\/p>\n<p style=\"text-align: center;\"><a href=\"http:\/\/stephane.weblog.starend.org\/wp-uploads\/stephane\/2011\/03\/colombie_img4286panotif.jpg\"><img decoding=\"async\" loading=\"lazy\" class=\"alignnone size-medium wp-image-302\" title=\"colombie_img4286panotif\" src=\"http:\/\/stephane.weblog.starend.org\/wp-uploads\/stephane\/2011\/03\/colombie_img4286panotif-300x124.jpg\" alt=\"\" width=\"300\" height=\"124\" \/><\/a><br \/>\nPanoramique du haut du parc (180\u00c2\u00b0).<\/p>\n<p style=\"text-align: center;\"><a href=\"http:\/\/stephane.weblog.starend.org\/wp-uploads\/stephane\/2011\/03\/colombie_img4300.jpg\"><img decoding=\"async\" loading=\"lazy\" class=\"alignnone size-medium wp-image-303\" title=\"colombie_img4300\" src=\"http:\/\/stephane.weblog.starend.org\/wp-uploads\/stephane\/2011\/03\/colombie_img4300-300x199.jpg\" alt=\"\" width=\"300\" height=\"199\" \/><\/a><br \/>\nLe canyon vu du sommet du parc.<\/p>\n<p style=\"text-align: center;\"><a href=\"http:\/\/stephane.weblog.starend.org\/wp-uploads\/stephane\/2011\/03\/colombie_img4302.jpg\"><img decoding=\"async\" loading=\"lazy\" class=\"alignnone size-medium wp-image-304\" title=\"colombie_img4302\" src=\"http:\/\/stephane.weblog.starend.org\/wp-uploads\/stephane\/2011\/03\/colombie_img4302-300x199.jpg\" alt=\"\" width=\"300\" height=\"199\" \/><\/a><br \/>\nLe canyon vu du parc.<\/p>\n","protected":false},"excerpt":{"rendered":"<p>Pas loin de San Gil (Santander) se trouve le canyon de Chicamocha. Il est assez impressionnant, on a 1000m de d\u00e9nivel\u00e9 entre le parc et le fleuve en dessous. Et les falaises en face sont encore plus hautes. Un t\u00e9l\u00e9ph\u00e9rique traverse la vall\u00e9e jusqu&rsquo;\u00e0 une station en haut des falaises en face. Il descend jusqu&rsquo;au &hellip; <a href=\"http:\/\/stephane.weblog.starend.org\/?p=294\" class=\"more-link\">Continuer la lecture de <span class=\"screen-reader-text\">20\/03\/2011 Canyon de Chicamocha<\/span> <span class=\"meta-nav\">&rarr;<\/span><\/a><\/p>\n","protected":false},"author":2,"featured_media":0,"comment_status":"open","ping_status":"open","sticky":false,"template":"","format":"standard","meta":[],"categories":[40,28],"tags":[106,115],"_links":{"self":[{"href":"http:\/\/stephane.weblog.starend.org\/index.php?rest_route=\/wp\/v2\/posts\/294"}],"collection":[{"href":"http:\/\/stephane.weblog.starend.org\/index.php?rest_route=\/wp\/v2\/posts"}],"about":[{"href":"http:\/\/stephane.weblog.starend.org\/index.php?rest_route=\/wp\/v2\/types\/post"}],"author":[{"embeddable":true,"href":"http:\/\/stephane.weblog.starend.org\/index.php?rest_route=\/wp\/v2\/users\/2"}],"replies":[{"embeddable":true,"href":"http:\/\/stephane.weblog.starend.org\/index.php?rest_route=%2Fwp%2Fv2%2Fcomments&post=294"}],"version-history":[{"count":0,"href":"http:\/\/stephane.weblog.starend.org\/index.php?rest_route=\/wp\/v2\/posts\/294\/revisions"}],"wp:attachment":[{"href":"http:\/\/stephane.weblog.starend.org\/index.php?rest_route=%2Fwp%2Fv2%2Fmedia&parent=294"}],"wp:term":[{"taxonomy":"category","embeddable":true,"href":"http:\/\/stephane.weblog.starend.org\/index.php?rest_route=%2Fwp%2Fv2%2Fcategories&post=294"},{"taxonomy":"post_tag","embeddable":true,"href":"http:\/\/stephane.weblog.starend.org\/index.php?rest_route=%2Fwp%2Fv2%2Ftags&post=294"}],"curies":[{"name":"wp","href":"https:\/\/api.w.org\/{rel}","templated":true}]}}