{"id":293,"date":"2011-03-25T16:54:33","date_gmt":"2011-03-25T14:54:33","guid":{"rendered":"http:\/\/stephane.weblog.starend.org\/?p=293"},"modified":"2011-03-25T16:54:33","modified_gmt":"2011-03-25T14:54:33","slug":"19032011-barichara","status":"publish","type":"post","link":"http:\/\/stephane.weblog.starend.org\/?p=293","title":{"rendered":"19\/03\/2011 Barichara"},"content":{"rendered":"<p>Barichara est reconnu comme le plus beau et le mieux pr\u00e9serv\u00e9 des villages typiques Colombiens.<br \/>\nIl est d&rsquo;ailleurs class\u00e9.<\/p>\n<p><!--more--><\/p>\n<p style=\"text-align: center;\"><a href=\"http:\/\/stephane.weblog.starend.org\/wp-uploads\/stephane\/2011\/03\/colombie_img4047hdr.jpg\"><img decoding=\"async\" loading=\"lazy\" class=\"alignnone size-medium wp-image-338\" title=\"colombie_img4047hdr\" src=\"http:\/\/stephane.weblog.starend.org\/wp-uploads\/stephane\/2011\/03\/colombie_img4047hdr-300x300.jpg\" alt=\"\" width=\"300\" height=\"300\" \/><\/a><br \/>\nCumulus en train de gonfler sur la route de Barichara<em>.<br \/>\n<\/em>(traitement HDR)<em><\/em><\/p>\n<p style=\"text-align: center;\"><a href=\"http:\/\/stephane.weblog.starend.org\/wp-uploads\/stephane\/2011\/03\/colombie_img4055co.jpg\"><img decoding=\"async\" loading=\"lazy\" class=\"alignnone size-medium wp-image-339\" title=\"colombie_img4055co\" src=\"http:\/\/stephane.weblog.starend.org\/wp-uploads\/stephane\/2011\/03\/colombie_img4055co-300x300.jpg\" alt=\"\" width=\"300\" height=\"300\" \/><\/a><br \/>\nL&rsquo;\u00e9glise de la place principale.<\/p>\n<p style=\"text-align: center;\"><a href=\"http:\/\/stephane.weblog.starend.org\/wp-uploads\/stephane\/2011\/03\/colombie_img4070hdr.jpg\"><img decoding=\"async\" loading=\"lazy\" class=\"alignnone size-medium wp-image-340\" title=\"colombie_img4070hdr\" src=\"http:\/\/stephane.weblog.starend.org\/wp-uploads\/stephane\/2011\/03\/colombie_img4070hdr-199x300.jpg\" alt=\"\" width=\"199\" height=\"300\" \/><\/a><br \/>\nL&rsquo;entr\u00e9e d&rsquo;une petite \u00e9glise dans le village.<br \/>\n(traitement HDR)<\/p>\n<p style=\"text-align: center;\"><a href=\"http:\/\/stephane.weblog.starend.org\/wp-uploads\/stephane\/2011\/03\/colombie_img4082.jpg\"><img decoding=\"async\" loading=\"lazy\" class=\"alignnone size-medium wp-image-341\" title=\"colombie_img4082\" src=\"http:\/\/stephane.weblog.starend.org\/wp-uploads\/stephane\/2011\/03\/colombie_img4082-300x199.jpg\" alt=\"\" width=\"300\" height=\"199\" \/><\/a><br \/>\nDans les rues de Barichara.<\/p>\n<p style=\"text-align: center;\"><a href=\"http:\/\/stephane.weblog.starend.org\/wp-uploads\/stephane\/2011\/03\/colombie_img4084.jpg\"><img decoding=\"async\" loading=\"lazy\" class=\"alignnone size-medium wp-image-342\" title=\"colombie_img4084\" src=\"http:\/\/stephane.weblog.starend.org\/wp-uploads\/stephane\/2011\/03\/colombie_img4084-300x199.jpg\" alt=\"\" width=\"300\" height=\"199\" \/><\/a><\/p>\n<p style=\"text-align: center;\"><a href=\"http:\/\/stephane.weblog.starend.org\/wp-uploads\/stephane\/2011\/03\/colombie_img4091.jpg\"><img decoding=\"async\" loading=\"lazy\" class=\"alignnone size-medium wp-image-343\" title=\"colombie_img4091\" src=\"http:\/\/stephane.weblog.starend.org\/wp-uploads\/stephane\/2011\/03\/colombie_img4091-199x300.jpg\" alt=\"\" width=\"199\" height=\"300\" \/><\/a><br \/>\nL&rsquo;int\u00e9rieur de l&rsquo;\u00e9glise principale.<\/p>\n<p style=\"text-align: center;\"><a href=\"http:\/\/stephane.weblog.starend.org\/wp-uploads\/stephane\/2011\/03\/colombie_img4096.jpg\"><img decoding=\"async\" loading=\"lazy\" class=\"alignnone size-medium wp-image-344\" title=\"colombie_img4096\" src=\"http:\/\/stephane.weblog.starend.org\/wp-uploads\/stephane\/2011\/03\/colombie_img4096-300x199.jpg\" alt=\"\" width=\"300\" height=\"199\" \/><\/a><br \/>\nDerri\u00e8re l&rsquo;\u00e9glise.<\/p>\n<p style=\"text-align: center;\"><a href=\"http:\/\/stephane.weblog.starend.org\/wp-uploads\/stephane\/2011\/03\/colombie_img4101.jpg\"><img decoding=\"async\" loading=\"lazy\" class=\"alignnone size-medium wp-image-345\" title=\"colombie_img4101\" src=\"http:\/\/stephane.weblog.starend.org\/wp-uploads\/stephane\/2011\/03\/colombie_img4101-300x199.jpg\" alt=\"\" width=\"300\" height=\"199\" \/><\/a><br \/>\nLa partie haute du village.<\/p>\n<p style=\"text-align: center;\"><a href=\"http:\/\/stephane.weblog.starend.org\/wp-uploads\/stephane\/2011\/03\/colombie_img4103co.jpg\"><img decoding=\"async\" loading=\"lazy\" class=\"alignnone size-medium wp-image-346\" title=\"colombie_img4103co\" src=\"http:\/\/stephane.weblog.starend.org\/wp-uploads\/stephane\/2011\/03\/colombie_img4103co-300x300.jpg\" alt=\"\" width=\"300\" height=\"300\" \/><\/a><\/p>\n<p style=\"text-align: center;\"><a href=\"http:\/\/stephane.weblog.starend.org\/wp-uploads\/stephane\/2011\/03\/colombie_img4119.jpg\"><img decoding=\"async\" loading=\"lazy\" class=\"alignnone size-medium wp-image-347\" title=\"colombie_img4119\" src=\"http:\/\/stephane.weblog.starend.org\/wp-uploads\/stephane\/2011\/03\/colombie_img4119-300x199.jpg\" alt=\"\" width=\"300\" height=\"199\" \/><\/a><\/p>\n","protected":false},"excerpt":{"rendered":"<p>Barichara est reconnu comme le plus beau et le mieux pr\u00e9serv\u00e9 des villages typiques Colombiens. Il est d&rsquo;ailleurs class\u00e9.<\/p>\n","protected":false},"author":2,"featured_media":0,"comment_status":"open","ping_status":"open","sticky":false,"template":"","format":"standard","meta":[],"categories":[40,28],"tags":[91],"_links":{"self":[{"href":"http:\/\/stephane.weblog.starend.org\/index.php?rest_route=\/wp\/v2\/posts\/293"}],"collection":[{"href":"http:\/\/stephane.weblog.starend.org\/index.php?rest_route=\/wp\/v2\/posts"}],"about":[{"href":"http:\/\/stephane.weblog.starend.org\/index.php?rest_route=\/wp\/v2\/types\/post"}],"author":[{"embeddable":true,"href":"http:\/\/stephane.weblog.starend.org\/index.php?rest_route=\/wp\/v2\/users\/2"}],"replies":[{"embeddable":true,"href":"http:\/\/stephane.weblog.starend.org\/index.php?rest_route=%2Fwp%2Fv2%2Fcomments&post=293"}],"version-history":[{"count":0,"href":"http:\/\/stephane.weblog.starend.org\/index.php?rest_route=\/wp\/v2\/posts\/293\/revisions"}],"wp:attachment":[{"href":"http:\/\/stephane.weblog.starend.org\/index.php?rest_route=%2Fwp%2Fv2%2Fmedia&parent=293"}],"wp:term":[{"taxonomy":"category","embeddable":true,"href":"http:\/\/stephane.weblog.starend.org\/index.php?rest_route=%2Fwp%2Fv2%2Fcategories&post=293"},{"taxonomy":"post_tag","embeddable":true,"href":"http:\/\/stephane.weblog.starend.org\/index.php?rest_route=%2Fwp%2Fv2%2Ftags&post=293"}],"curies":[{"name":"wp","href":"https:\/\/api.w.org\/{rel}","templated":true}]}}