{"id":269,"date":"2011-03-23T06:49:25","date_gmt":"2011-03-23T04:49:25","guid":{"rendered":"http:\/\/stephane.weblog.starend.org\/?p=269"},"modified":"2011-03-23T06:49:25","modified_gmt":"2011-03-23T04:49:25","slug":"19032011villapinzon-san-gil","status":"publish","type":"post","link":"http:\/\/stephane.weblog.starend.org\/?p=269","title":{"rendered":"19\/03\/2011Villapinzon &#8211; San Gil"},"content":{"rendered":"<p>Ce matin, d\u00e9part \u00e0 6h pour un week-end de 3 jours au chaud.<br \/>\nEn fait, on remonte vers le nord de 200km et en m\u00eame temps on descend de 1500m.<br \/>\nEt il fait beaucoup plus chaud!<br \/>\nLa v\u00e9g\u00e9tation est plus de type jingle.<\/p>\n<p><!--more--><\/p>\n<p style=\"text-align: center;\"><a href=\"http:\/\/stephane.weblog.starend.org\/wp-uploads\/stephane\/2011\/03\/colombie_img3956.jpg\"><img decoding=\"async\" loading=\"lazy\" class=\"alignnone size-medium wp-image-270\" title=\"colombie_img3956\" src=\"http:\/\/stephane.weblog.starend.org\/wp-uploads\/stephane\/2011\/03\/colombie_img3956-300x199.jpg\" alt=\"\" width=\"300\" height=\"199\" \/><\/a><br \/>\nPont de la bataille de Boyaca, bataille de l&rsquo;ind\u00e9pendance, 07\/08\/1819.<\/p>\n<p style=\"text-align: center;\"><a href=\"http:\/\/stephane.weblog.starend.org\/wp-uploads\/stephane\/2011\/03\/colombie_img3962.jpg\"><img decoding=\"async\" loading=\"lazy\" class=\"alignnone size-medium wp-image-271\" title=\"colombie_img3962\" src=\"http:\/\/stephane.weblog.starend.org\/wp-uploads\/stephane\/2011\/03\/colombie_img3962-300x199.jpg\" alt=\"\" width=\"300\" height=\"199\" \/><\/a><br \/>\nTunja.<\/p>\n<p style=\"text-align: center;\"><a href=\"http:\/\/stephane.weblog.starend.org\/wp-uploads\/stephane\/2011\/03\/colombie_img3967.jpg\"><img decoding=\"async\" loading=\"lazy\" class=\"alignnone size-medium wp-image-272\" title=\"colombie_img3967\" src=\"http:\/\/stephane.weblog.starend.org\/wp-uploads\/stephane\/2011\/03\/colombie_img3967-300x199.jpg\" alt=\"\" width=\"300\" height=\"199\" \/><\/a><\/p>\n<p style=\"text-align: center;\"><a href=\"http:\/\/stephane.weblog.starend.org\/wp-uploads\/stephane\/2011\/03\/colombie_img3978.jpg\"><img decoding=\"async\" loading=\"lazy\" class=\"alignnone size-medium wp-image-273\" title=\"colombie_img3978\" src=\"http:\/\/stephane.weblog.starend.org\/wp-uploads\/stephane\/2011\/03\/colombie_img3978-300x199.jpg\" alt=\"\" width=\"300\" height=\"199\" \/><\/a><\/p>\n<p style=\"text-align: center;\"><a href=\"http:\/\/stephane.weblog.starend.org\/wp-uploads\/stephane\/2011\/03\/colombie_img3983.jpg\"><img decoding=\"async\" loading=\"lazy\" class=\"alignnone size-medium wp-image-274\" title=\"colombie_img3983\" src=\"http:\/\/stephane.weblog.starend.org\/wp-uploads\/stephane\/2011\/03\/colombie_img3983-300x199.jpg\" alt=\"\" width=\"300\" height=\"199\" \/><\/a><\/p>\n<p style=\"text-align: center;\"><a href=\"http:\/\/stephane.weblog.starend.org\/wp-uploads\/stephane\/2011\/03\/colombie_img3987.jpg\"><img decoding=\"async\" loading=\"lazy\" class=\"alignnone size-medium wp-image-275\" title=\"colombie_img3987\" src=\"http:\/\/stephane.weblog.starend.org\/wp-uploads\/stephane\/2011\/03\/colombie_img3987-300x199.jpg\" alt=\"\" width=\"300\" height=\"199\" \/><\/a><\/p>\n<p style=\"text-align: center;\"><a href=\"http:\/\/stephane.weblog.starend.org\/wp-uploads\/stephane\/2011\/03\/colombie_img3992.jpg\"><img decoding=\"async\" loading=\"lazy\" class=\"alignnone size-medium wp-image-276\" title=\"colombie_img3992\" src=\"http:\/\/stephane.weblog.starend.org\/wp-uploads\/stephane\/2011\/03\/colombie_img3992-300x199.jpg\" alt=\"\" width=\"300\" height=\"199\" \/><\/a><br \/>\nCascade.<\/p>\n<p style=\"text-align: center;\"><a href=\"http:\/\/stephane.weblog.starend.org\/wp-uploads\/stephane\/2011\/03\/colombie_img3995.jpg\"><img decoding=\"async\" loading=\"lazy\" class=\"alignnone size-medium wp-image-277\" title=\"colombie_img3995\" src=\"http:\/\/stephane.weblog.starend.org\/wp-uploads\/stephane\/2011\/03\/colombie_img3995-300x199.jpg\" alt=\"\" width=\"300\" height=\"199\" \/><\/a><\/p>\n<p style=\"text-align: center;\"><a href=\"http:\/\/stephane.weblog.starend.org\/wp-uploads\/stephane\/2011\/03\/colombie_img3998.jpg\"><img decoding=\"async\" loading=\"lazy\" class=\"alignnone size-medium wp-image-278\" title=\"colombie_img3998\" src=\"http:\/\/stephane.weblog.starend.org\/wp-uploads\/stephane\/2011\/03\/colombie_img3998-300x199.jpg\" alt=\"\" width=\"300\" height=\"199\" \/><\/a><br \/>\nArbre en fleur.<\/p>\n<p style=\"text-align: center;\"><a href=\"http:\/\/stephane.weblog.starend.org\/wp-uploads\/stephane\/2011\/03\/colombie_img4032.jpg\"><img decoding=\"async\" loading=\"lazy\" class=\"alignnone size-medium wp-image-279\" title=\"colombie_img4032\" src=\"http:\/\/stephane.weblog.starend.org\/wp-uploads\/stephane\/2011\/03\/colombie_img4032-300x199.jpg\" alt=\"\" width=\"300\" height=\"199\" \/><\/a><\/p>\n","protected":false},"excerpt":{"rendered":"<p>Ce matin, d\u00e9part \u00e0 6h pour un week-end de 3 jours au chaud. En fait, on remonte vers le nord de 200km et en m\u00eame temps on descend de 1500m. Et il fait beaucoup plus chaud! La v\u00e9g\u00e9tation est plus de type jingle.<\/p>\n","protected":false},"author":2,"featured_media":0,"comment_status":"open","ping_status":"open","sticky":false,"template":"","format":"standard","meta":[],"categories":[40,28],"tags":[342,407],"_links":{"self":[{"href":"http:\/\/stephane.weblog.starend.org\/index.php?rest_route=\/wp\/v2\/posts\/269"}],"collection":[{"href":"http:\/\/stephane.weblog.starend.org\/index.php?rest_route=\/wp\/v2\/posts"}],"about":[{"href":"http:\/\/stephane.weblog.starend.org\/index.php?rest_route=\/wp\/v2\/types\/post"}],"author":[{"embeddable":true,"href":"http:\/\/stephane.weblog.starend.org\/index.php?rest_route=\/wp\/v2\/users\/2"}],"replies":[{"embeddable":true,"href":"http:\/\/stephane.weblog.starend.org\/index.php?rest_route=%2Fwp%2Fv2%2Fcomments&post=269"}],"version-history":[{"count":0,"href":"http:\/\/stephane.weblog.starend.org\/index.php?rest_route=\/wp\/v2\/posts\/269\/revisions"}],"wp:attachment":[{"href":"http:\/\/stephane.weblog.starend.org\/index.php?rest_route=%2Fwp%2Fv2%2Fmedia&parent=269"}],"wp:term":[{"taxonomy":"category","embeddable":true,"href":"http:\/\/stephane.weblog.starend.org\/index.php?rest_route=%2Fwp%2Fv2%2Fcategories&post=269"},{"taxonomy":"post_tag","embeddable":true,"href":"http:\/\/stephane.weblog.starend.org\/index.php?rest_route=%2Fwp%2Fv2%2Ftags&post=269"}],"curies":[{"name":"wp","href":"https:\/\/api.w.org\/{rel}","templated":true}]}}