{"id":258,"date":"2011-03-23T06:05:41","date_gmt":"2011-03-23T04:05:41","guid":{"rendered":"http:\/\/stephane.weblog.starend.org\/?p=258"},"modified":"2011-03-23T06:05:41","modified_gmt":"2011-03-23T04:05:41","slug":"18032011-guatavita","status":"publish","type":"post","link":"http:\/\/stephane.weblog.starend.org\/?p=258","title":{"rendered":"18\/03\/2011 Guatavita"},"content":{"rendered":"<p>Le p\u00e8re de Diana nous emm\u00e8ne \u00e0 Guatavita.<br \/>\nC&rsquo;est un village qui a \u00e9t\u00e9 reconstruit suite \u00e0 la cr\u00e9ation d&rsquo;un barrage.<br \/>\nL&rsquo;ancien village est sous l&rsquo;eau au large du nouveau village.<br \/>\nLe style de construction est \u00ab\u00a0\u00e0 l&rsquo;ancienne\u00a0\u00bb pour attirer les touristes, mais tout est r\u00e9cent.<\/p>\n<p><!--more--><\/p>\n<p style=\"text-align: center;\"><a href=\"http:\/\/stephane.weblog.starend.org\/wp-uploads\/stephane\/2011\/03\/colombie_img3891hdr.jpg\"><img decoding=\"async\" loading=\"lazy\" class=\"alignnone size-medium wp-image-259\" title=\"colombie_img3891hdr\" src=\"http:\/\/stephane.weblog.starend.org\/wp-uploads\/stephane\/2011\/03\/colombie_img3891hdr-300x199.jpg\" alt=\"\" width=\"300\" height=\"199\" \/><\/a><br \/>\nEglise de Sesquil\u00e9.<br \/>\n(traitement HDR)<\/p>\n<p style=\"text-align: center;\"><a href=\"http:\/\/stephane.weblog.starend.org\/wp-uploads\/stephane\/2011\/03\/colombie_img3896.jpg\"><img decoding=\"async\" loading=\"lazy\" class=\"alignnone size-medium wp-image-260\" title=\"colombie_img3896\" src=\"http:\/\/stephane.weblog.starend.org\/wp-uploads\/stephane\/2011\/03\/colombie_img3896-300x199.jpg\" alt=\"\" width=\"300\" height=\"199\" \/><\/a><br \/>\nUne des portes du village.<\/p>\n<p style=\"text-align: center;\"><a href=\"http:\/\/stephane.weblog.starend.org\/wp-uploads\/stephane\/2011\/03\/colombie_img3898.jpg\"><img decoding=\"async\" loading=\"lazy\" class=\"alignnone size-medium wp-image-261\" title=\"colombie_img3898\" src=\"http:\/\/stephane.weblog.starend.org\/wp-uploads\/stephane\/2011\/03\/colombie_img3898-300x199.jpg\" alt=\"\" width=\"300\" height=\"199\" \/><\/a><br \/>\nUne maison et l&rsquo;\u00e9glise moderne.<\/p>\n<p style=\"text-align: center;\"><a href=\"http:\/\/stephane.weblog.starend.org\/wp-uploads\/stephane\/2011\/03\/colombie_img3904.jpg\"><img decoding=\"async\" loading=\"lazy\" class=\"alignnone size-medium wp-image-262\" title=\"colombie_img3904\" src=\"http:\/\/stephane.weblog.starend.org\/wp-uploads\/stephane\/2011\/03\/colombie_img3904-300x199.jpg\" alt=\"\" width=\"300\" height=\"199\" \/><\/a><br \/>\nUne autre porte, pour pi\u00e9tons.<\/p>\n<p style=\"text-align: center;\"><a href=\"http:\/\/stephane.weblog.starend.org\/wp-uploads\/stephane\/2011\/03\/colombie_img3906.jpg\"><img decoding=\"async\" loading=\"lazy\" class=\"alignnone size-medium wp-image-263\" title=\"colombie_img3906\" src=\"http:\/\/stephane.weblog.starend.org\/wp-uploads\/stephane\/2011\/03\/colombie_img3906-300x199.jpg\" alt=\"\" width=\"300\" height=\"199\" \/><\/a><br \/>\nLa place de l&rsquo;\u00e9glise.<\/p>\n<p style=\"text-align: center;\"><a href=\"http:\/\/stephane.weblog.starend.org\/wp-uploads\/stephane\/2011\/03\/colombie_img3908.jpg\"><img decoding=\"async\" loading=\"lazy\" class=\"alignnone size-medium wp-image-264\" title=\"colombie_img3908\" src=\"http:\/\/stephane.weblog.starend.org\/wp-uploads\/stephane\/2011\/03\/colombie_img3908-300x199.jpg\" alt=\"\" width=\"300\" height=\"199\" \/><\/a><br \/>\nL&rsquo;\u00e9glise.<\/p>\n<p style=\"text-align: center;\"><a href=\"http:\/\/stephane.weblog.starend.org\/wp-uploads\/stephane\/2011\/03\/colombie_img3910pano.jpg\"><img decoding=\"async\" loading=\"lazy\" class=\"alignnone size-full wp-image-265\" title=\"colombie_img3910pano\" src=\"http:\/\/stephane.weblog.starend.org\/wp-uploads\/stephane\/2011\/03\/colombie_img3910pano.jpg\" alt=\"\" width=\"450\" height=\"113\" \/><\/a><br \/>\nPanoramique sur le lac.<\/p>\n<p style=\"text-align: center;\"><a href=\"http:\/\/stephane.weblog.starend.org\/wp-uploads\/stephane\/2011\/03\/colombie_img3922hdr.jpg\"><img decoding=\"async\" loading=\"lazy\" class=\"alignnone size-medium wp-image-266\" title=\"colombie_img3922hdr\" src=\"http:\/\/stephane.weblog.starend.org\/wp-uploads\/stephane\/2011\/03\/colombie_img3922hdr-300x199.jpg\" alt=\"\" width=\"300\" height=\"199\" \/><\/a><br \/>\nLe lac sous les nuages.<br \/>\n(traitement HDR)<\/p>\n<p style=\"text-align: center;\"><a href=\"http:\/\/stephane.weblog.starend.org\/wp-uploads\/stephane\/2011\/03\/colombie_img3936.jpg\"><img decoding=\"async\" loading=\"lazy\" class=\"alignnone size-medium wp-image-267\" title=\"colombie_img3936\" src=\"http:\/\/stephane.weblog.starend.org\/wp-uploads\/stephane\/2011\/03\/colombie_img3936-300x199.jpg\" alt=\"\" width=\"300\" height=\"199\" \/><\/a><br \/>\nLe pont des amoureux.<\/p>\n<p style=\"text-align: center;\"><a href=\"http:\/\/stephane.weblog.starend.org\/wp-uploads\/stephane\/2011\/03\/colombie_img3949co.jpg\"><img decoding=\"async\" loading=\"lazy\" class=\"alignnone size-medium wp-image-268\" title=\"colombie_img3949co\" src=\"http:\/\/stephane.weblog.starend.org\/wp-uploads\/stephane\/2011\/03\/colombie_img3949co-300x199.jpg\" alt=\"\" width=\"300\" height=\"199\" \/><\/a><br \/>\nL&rsquo;\u00e9glise de Villapinzon sous un rayon de soleil.<\/p>\n","protected":false},"excerpt":{"rendered":"<p>Le p\u00e8re de Diana nous emm\u00e8ne \u00e0 Guatavita. C&rsquo;est un village qui a \u00e9t\u00e9 reconstruit suite \u00e0 la cr\u00e9ation d&rsquo;un barrage. L&rsquo;ancien village est sous l&rsquo;eau au large du nouveau village. Le style de construction est \u00ab\u00a0\u00e0 l&rsquo;ancienne\u00a0\u00bb pour attirer les touristes, mais tout est r\u00e9cent.<\/p>\n","protected":false},"author":2,"featured_media":0,"comment_status":"open","ping_status":"open","sticky":false,"template":"","format":"standard","meta":[],"categories":[40,28],"tags":[204],"_links":{"self":[{"href":"http:\/\/stephane.weblog.starend.org\/index.php?rest_route=\/wp\/v2\/posts\/258"}],"collection":[{"href":"http:\/\/stephane.weblog.starend.org\/index.php?rest_route=\/wp\/v2\/posts"}],"about":[{"href":"http:\/\/stephane.weblog.starend.org\/index.php?rest_route=\/wp\/v2\/types\/post"}],"author":[{"embeddable":true,"href":"http:\/\/stephane.weblog.starend.org\/index.php?rest_route=\/wp\/v2\/users\/2"}],"replies":[{"embeddable":true,"href":"http:\/\/stephane.weblog.starend.org\/index.php?rest_route=%2Fwp%2Fv2%2Fcomments&post=258"}],"version-history":[{"count":0,"href":"http:\/\/stephane.weblog.starend.org\/index.php?rest_route=\/wp\/v2\/posts\/258\/revisions"}],"wp:attachment":[{"href":"http:\/\/stephane.weblog.starend.org\/index.php?rest_route=%2Fwp%2Fv2%2Fmedia&parent=258"}],"wp:term":[{"taxonomy":"category","embeddable":true,"href":"http:\/\/stephane.weblog.starend.org\/index.php?rest_route=%2Fwp%2Fv2%2Fcategories&post=258"},{"taxonomy":"post_tag","embeddable":true,"href":"http:\/\/stephane.weblog.starend.org\/index.php?rest_route=%2Fwp%2Fv2%2Ftags&post=258"}],"curies":[{"name":"wp","href":"https:\/\/api.w.org\/{rel}","templated":true}]}}