{"id":247,"date":"2011-03-23T05:49:48","date_gmt":"2011-03-23T03:49:48","guid":{"rendered":"http:\/\/stephane.weblog.starend.org\/?p=247"},"modified":"2011-03-23T05:49:48","modified_gmt":"2011-03-23T03:49:48","slug":"1702011-villapinzon","status":"publish","type":"post","link":"http:\/\/stephane.weblog.starend.org\/?p=247","title":{"rendered":"17\/0\/2011 Villapinzon"},"content":{"rendered":"<p>Aujourd&rsquo;hui, il pleut presque toute la journ\u00e9e&#8230;<\/p>\n<p>Diana reste \u00e0 faire la gr\u00e2ce matin\u00e9e.<br \/>\nMoi je vais me balader. Ma premi\u00e8re balade en solo en Colombie ;-)<\/p>\n<p>Madga, la deuxi\u00e8me s\u00c5\u201cur de Diana, avait aid\u00e9 la veille une vache \u00e0 mettre bas.<br \/>\nOn passe voir aujourd&rsquo;hui si le veau va bien.<br \/>\nApr\u00e8s un jour il tient d\u00e9j\u00e0 sur ses pattes mais se d\u00e9place difficilement.<br \/>\nMais il va bien :-)<\/p>\n<p><!--more--><\/p>\n<p style=\"text-align: center;\"><a href=\"http:\/\/stephane.weblog.starend.org\/wp-uploads\/stephane\/2011\/03\/colombie_img3819.jpg\"><img decoding=\"async\" loading=\"lazy\" class=\"alignnone size-medium wp-image-248\" title=\"colombie_img3819\" src=\"http:\/\/stephane.weblog.starend.org\/wp-uploads\/stephane\/2011\/03\/colombie_img3819-300x199.jpg\" alt=\"\" width=\"300\" height=\"199\" \/><\/a><br \/>\nMaisons autour de Villapinzon.<\/p>\n<p style=\"text-align: center;\"><a href=\"http:\/\/stephane.weblog.starend.org\/wp-uploads\/stephane\/2011\/03\/colombie_img3820.jpg\"><img decoding=\"async\" loading=\"lazy\" class=\"alignnone size-medium wp-image-249\" title=\"colombie_img3820\" src=\"http:\/\/stephane.weblog.starend.org\/wp-uploads\/stephane\/2011\/03\/colombie_img3820-300x199.jpg\" alt=\"\" width=\"300\" height=\"199\" \/><\/a><br \/>\nL&rsquo;ancienne voie ferr\u00e9e.<\/p>\n<p style=\"text-align: center;\"><a href=\"http:\/\/stephane.weblog.starend.org\/wp-uploads\/stephane\/2011\/03\/colombie_img3822.jpg\"><img decoding=\"async\" loading=\"lazy\" class=\"alignnone size-medium wp-image-250\" title=\"colombie_img3822\" src=\"http:\/\/stephane.weblog.starend.org\/wp-uploads\/stephane\/2011\/03\/colombie_img3822-300x199.jpg\" alt=\"\" width=\"300\" height=\"199\" \/><\/a><br \/>\nSur la colline.<\/p>\n<p style=\"text-align: center;\"><a href=\"http:\/\/stephane.weblog.starend.org\/wp-uploads\/stephane\/2011\/03\/colombie_img3824.jpg\"><img decoding=\"async\" loading=\"lazy\" class=\"alignnone size-medium wp-image-251\" title=\"colombie_img3824\" src=\"http:\/\/stephane.weblog.starend.org\/wp-uploads\/stephane\/2011\/03\/colombie_img3824-300x199.jpg\" alt=\"\" width=\"300\" height=\"199\" \/><\/a><br \/>\nVillapinzon.<\/p>\n<p style=\"text-align: center;\"><a href=\"http:\/\/stephane.weblog.starend.org\/wp-uploads\/stephane\/2011\/03\/colombie_img3825.jpg\"><img decoding=\"async\" loading=\"lazy\" class=\"alignnone size-medium wp-image-252\" title=\"colombie_img3825\" src=\"http:\/\/stephane.weblog.starend.org\/wp-uploads\/stephane\/2011\/03\/colombie_img3825-300x199.jpg\" alt=\"\" width=\"300\" height=\"199\" \/><\/a><br \/>\nLa maison vu de la colline.<\/p>\n<p style=\"text-align: center;\"><a href=\"http:\/\/stephane.weblog.starend.org\/wp-uploads\/stephane\/2011\/03\/colombie_img3826.jpg\"><img decoding=\"async\" loading=\"lazy\" class=\"alignnone size-medium wp-image-253\" title=\"colombie_img3826\" src=\"http:\/\/stephane.weblog.starend.org\/wp-uploads\/stephane\/2011\/03\/colombie_img3826-300x199.jpg\" alt=\"\" width=\"300\" height=\"199\" \/><\/a><br \/>\nL&rsquo;\u00e9glise.<\/p>\n<p style=\"text-align: center;\"><a href=\"http:\/\/stephane.weblog.starend.org\/wp-uploads\/stephane\/2011\/03\/colombie_img3829.jpg\"><img decoding=\"async\" loading=\"lazy\" class=\"alignnone size-medium wp-image-254\" title=\"colombie_img3829\" src=\"http:\/\/stephane.weblog.starend.org\/wp-uploads\/stephane\/2011\/03\/colombie_img3829-300x199.jpg\" alt=\"\" width=\"300\" height=\"199\" \/><\/a><br \/>\nUn chalet.<\/p>\n<p style=\"text-align: center;\"><a href=\"http:\/\/stephane.weblog.starend.org\/wp-uploads\/stephane\/2011\/03\/colombie_img3843.jpg\"><img decoding=\"async\" loading=\"lazy\" class=\"alignnone size-medium wp-image-255\" title=\"colombie_img3843\" src=\"http:\/\/stephane.weblog.starend.org\/wp-uploads\/stephane\/2011\/03\/colombie_img3843-300x199.jpg\" alt=\"\" width=\"300\" height=\"199\" \/><\/a><br \/>\nLa poule surveille le chiot.<\/p>\n<p style=\"text-align: center;\"><a href=\"http:\/\/stephane.weblog.starend.org\/wp-uploads\/stephane\/2011\/03\/colombie_img3860.jpg\"><img decoding=\"async\" loading=\"lazy\" class=\"alignnone size-medium wp-image-256\" title=\"colombie_img3860\" src=\"http:\/\/stephane.weblog.starend.org\/wp-uploads\/stephane\/2011\/03\/colombie_img3860-300x199.jpg\" alt=\"\" width=\"300\" height=\"199\" \/><\/a><br \/>\nCalin.<\/p>\n<p style=\"text-align: center;\"><a href=\"http:\/\/stephane.weblog.starend.org\/wp-uploads\/stephane\/2011\/03\/colombie_img3890.jpg\"><img decoding=\"async\" loading=\"lazy\" class=\"alignnone size-medium wp-image-257\" title=\"colombie_img3890\" src=\"http:\/\/stephane.weblog.starend.org\/wp-uploads\/stephane\/2011\/03\/colombie_img3890-300x199.jpg\" alt=\"\" width=\"300\" height=\"199\" \/><\/a><br \/>\nLe veau et sa m\u00e8re.<\/p>\n","protected":false},"excerpt":{"rendered":"<p>Aujourd&rsquo;hui, il pleut presque toute la journ\u00e9e&#8230; Diana reste \u00e0 faire la gr\u00e2ce matin\u00e9e. Moi je vais me balader. Ma premi\u00e8re balade en solo en Colombie ;-) Madga, la deuxi\u00e8me s\u00c5\u201cur de Diana, avait aid\u00e9 la veille une vache \u00e0 mettre bas. On passe voir aujourd&rsquo;hui si le veau va bien. Apr\u00e8s un jour il &hellip; <a href=\"http:\/\/stephane.weblog.starend.org\/?p=247\" class=\"more-link\">Continuer la lecture de <span class=\"screen-reader-text\">17\/0\/2011 Villapinzon<\/span> <span class=\"meta-nav\">&rarr;<\/span><\/a><\/p>\n","protected":false},"author":2,"featured_media":0,"comment_status":"open","ping_status":"open","sticky":false,"template":"","format":"standard","meta":[],"categories":[40,28],"tags":[407],"_links":{"self":[{"href":"http:\/\/stephane.weblog.starend.org\/index.php?rest_route=\/wp\/v2\/posts\/247"}],"collection":[{"href":"http:\/\/stephane.weblog.starend.org\/index.php?rest_route=\/wp\/v2\/posts"}],"about":[{"href":"http:\/\/stephane.weblog.starend.org\/index.php?rest_route=\/wp\/v2\/types\/post"}],"author":[{"embeddable":true,"href":"http:\/\/stephane.weblog.starend.org\/index.php?rest_route=\/wp\/v2\/users\/2"}],"replies":[{"embeddable":true,"href":"http:\/\/stephane.weblog.starend.org\/index.php?rest_route=%2Fwp%2Fv2%2Fcomments&post=247"}],"version-history":[{"count":0,"href":"http:\/\/stephane.weblog.starend.org\/index.php?rest_route=\/wp\/v2\/posts\/247\/revisions"}],"wp:attachment":[{"href":"http:\/\/stephane.weblog.starend.org\/index.php?rest_route=%2Fwp%2Fv2%2Fmedia&parent=247"}],"wp:term":[{"taxonomy":"category","embeddable":true,"href":"http:\/\/stephane.weblog.starend.org\/index.php?rest_route=%2Fwp%2Fv2%2Fcategories&post=247"},{"taxonomy":"post_tag","embeddable":true,"href":"http:\/\/stephane.weblog.starend.org\/index.php?rest_route=%2Fwp%2Fv2%2Ftags&post=247"}],"curies":[{"name":"wp","href":"https:\/\/api.w.org\/{rel}","templated":true}]}}