{"id":237,"date":"2011-03-23T02:28:25","date_gmt":"2011-03-23T00:28:25","guid":{"rendered":"http:\/\/stephane.weblog.starend.org\/?p=237"},"modified":"2011-03-23T02:28:25","modified_gmt":"2011-03-23T00:28:25","slug":"16032011-bogota-villapinzon","status":"publish","type":"post","link":"http:\/\/stephane.weblog.starend.org\/?p=237","title":{"rendered":"16\/03\/2011 Bogota &#8211; Villapinzon"},"content":{"rendered":"<p>Ce matin, nous sommes invit\u00e9 par M\u00e9lissa \u00e0 aller prendre un petit d\u00e9jeuner \u00e0 la Candelaria pour 9h.<br \/>\nDur dur de se lever&#8230; alors que M\u00e9lissa est debout depuis 5h&#8230;<\/p>\n<p>Nous enchainons sur une balade dans la partie historique de Bogota.<br \/>\nLa place \u00ab\u00a0Chorro de Quevedo\u00a0\u00bb a \u00e9t\u00e9 fond\u00e9e le 06\/08\/1538 avec sa petite \u00e9glise et ses quelques maisons autour.<br \/>\nA cet emplacement, il existait d\u00e9j\u00e0 un village indig\u00e8ne.<br \/>\nCette partie de Bogota \u00e9tant historique, elle est tr\u00e8s bien entretenu avec un style qui reste proche des constructions de cette \u00e9poque.<\/p>\n<p>L&rsquo;apr\u00e8s midi, apr\u00e8s quelques courses, nous partons pour Villapinzon.<\/p>\n<p>Le ciel est d\u00e9gag\u00e9, nous allons voir le coucher de soleil depuis un sommet au dessus de la ville.<\/p>\n<p><!--more--><\/p>\n<p style=\"text-align: center;\"><a href=\"http:\/\/stephane.weblog.starend.org\/wp-uploads\/stephane\/2011\/03\/colombie_img3582hdr.jpg\"><img decoding=\"async\" loading=\"lazy\" class=\"alignnone size-full wp-image-236\" title=\"colombie_img3582hdr\" src=\"http:\/\/stephane.weblog.starend.org\/wp-uploads\/stephane\/2011\/03\/colombie_img3582hdr.jpg\" alt=\"\" width=\"450\" height=\"190\" \/><\/a><br \/>\nPanoramique de la ville de Bogota vu depuis la biblioth\u00e8que \u00ab\u00a0Luis Angel Arango\u00a0\u00bb.<br \/>\n(traitement HDR)<\/p>\n<p style=\"text-align: center;\"><a href=\"http:\/\/stephane.weblog.starend.org\/wp-uploads\/stephane\/2011\/03\/colombie_img3592.jpg\"><img decoding=\"async\" loading=\"lazy\" class=\"alignnone size-medium wp-image-238\" title=\"colombie_img3592\" src=\"http:\/\/stephane.weblog.starend.org\/wp-uploads\/stephane\/2011\/03\/colombie_img3592-300x199.jpg\" alt=\"\" width=\"300\" height=\"199\" \/><\/a><br \/>\nEglise de la place du \u00ab\u00a0Chorro de Quevedo\u00a0\u00bb, premier site de fondation de Bogota (06\/08\/1538).<\/p>\n<p style=\"text-align: center;\"><a href=\"http:\/\/stephane.weblog.starend.org\/wp-uploads\/stephane\/2011\/03\/colombie_img3595hdr.jpg\"><img decoding=\"async\" loading=\"lazy\" class=\"alignnone size-medium wp-image-239\" title=\"colombie_img3595hdr\" src=\"http:\/\/stephane.weblog.starend.org\/wp-uploads\/stephane\/2011\/03\/colombie_img3595hdr-300x199.jpg\" alt=\"\" width=\"300\" height=\"199\" \/><\/a><br \/>\nUne des premi\u00e8res maisons construites \u00e0 Bogota.<br \/>\n(traitement HDR)<\/p>\n<p style=\"text-align: center;\"><a href=\"http:\/\/stephane.weblog.starend.org\/wp-uploads\/stephane\/2011\/03\/colombie_img3600.jpg\"><img decoding=\"async\" loading=\"lazy\" class=\"alignnone size-medium wp-image-240\" title=\"colombie_img3600\" src=\"http:\/\/stephane.weblog.starend.org\/wp-uploads\/stephane\/2011\/03\/colombie_img3600-300x199.jpg\" alt=\"\" width=\"300\" height=\"199\" \/><\/a><br \/>\n.<\/p>\n<p style=\"text-align: center;\"><a href=\"http:\/\/stephane.weblog.starend.org\/wp-uploads\/stephane\/2011\/03\/colombie_img3608.jpg\"><img decoding=\"async\" loading=\"lazy\" class=\"alignnone size-medium wp-image-241\" title=\"colombie_img3608\" src=\"http:\/\/stephane.weblog.starend.org\/wp-uploads\/stephane\/2011\/03\/colombie_img3608-300x199.jpg\" alt=\"\" width=\"300\" height=\"199\" \/><\/a><br \/>\n.<\/p>\n<p style=\"text-align: center;\"><a href=\"http:\/\/stephane.weblog.starend.org\/wp-uploads\/stephane\/2011\/03\/colombie_img3623.jpg\"><img decoding=\"async\" loading=\"lazy\" class=\"alignnone size-medium wp-image-242\" title=\"colombie_img3623\" src=\"http:\/\/stephane.weblog.starend.org\/wp-uploads\/stephane\/2011\/03\/colombie_img3623-300x199.jpg\" alt=\"\" width=\"300\" height=\"199\" \/><\/a><br \/>\nSur la route de Villapinzon.<\/p>\n<p style=\"text-align: center;\"><a href=\"http:\/\/stephane.weblog.starend.org\/wp-uploads\/stephane\/2011\/03\/colombie_img3625.jpg\"><img decoding=\"async\" loading=\"lazy\" class=\"alignnone size-medium wp-image-243\" title=\"colombie_img3625\" src=\"http:\/\/stephane.weblog.starend.org\/wp-uploads\/stephane\/2011\/03\/colombie_img3625-300x199.jpg\" alt=\"\" width=\"300\" height=\"199\" \/><\/a><\/p>\n<p style=\"text-align: center;\"><a href=\"http:\/\/stephane.weblog.starend.org\/wp-uploads\/stephane\/2011\/03\/colombie_img3649.jpg\"><img decoding=\"async\" loading=\"lazy\" class=\"alignnone size-medium wp-image-244\" title=\"colombie_img3649\" src=\"http:\/\/stephane.weblog.starend.org\/wp-uploads\/stephane\/2011\/03\/colombie_img3649-300x199.jpg\" alt=\"\" width=\"300\" height=\"199\" \/><\/a><\/p>\n<p style=\"text-align: center;\"><a href=\"http:\/\/stephane.weblog.starend.org\/wp-uploads\/stephane\/2011\/03\/colombie_img3650.jpg\"><img decoding=\"async\" loading=\"lazy\" class=\"alignnone size-medium wp-image-245\" title=\"colombie_img3650\" src=\"http:\/\/stephane.weblog.starend.org\/wp-uploads\/stephane\/2011\/03\/colombie_img3650-300x199.jpg\" alt=\"\" width=\"300\" height=\"199\" \/><\/a><\/p>\n<p style=\"text-align: center;\"><a href=\"http:\/\/stephane.weblog.starend.org\/wp-uploads\/stephane\/2011\/03\/colombie_img3799hdr.jpg\"><img decoding=\"async\" loading=\"lazy\" class=\"alignnone size-medium wp-image-246\" title=\"colombie_img3799hdr\" src=\"http:\/\/stephane.weblog.starend.org\/wp-uploads\/stephane\/2011\/03\/colombie_img3799hdr-300x199.jpg\" alt=\"\" width=\"300\" height=\"199\" \/><\/a><br \/>\nCoucher de soleil au dessus de Villapinzon.<br \/>\n(traitement HDR)<\/p>\n","protected":false},"excerpt":{"rendered":"<p>Ce matin, nous sommes invit\u00e9 par M\u00e9lissa \u00e0 aller prendre un petit d\u00e9jeuner \u00e0 la Candelaria pour 9h. Dur dur de se lever&#8230; alors que M\u00e9lissa est debout depuis 5h&#8230; Nous enchainons sur une balade dans la partie historique de Bogota. La place \u00ab\u00a0Chorro de Quevedo\u00a0\u00bb a \u00e9t\u00e9 fond\u00e9e le 06\/08\/1538 avec sa petite \u00e9glise &hellip; <a href=\"http:\/\/stephane.weblog.starend.org\/?p=237\" class=\"more-link\">Continuer la lecture de <span class=\"screen-reader-text\">16\/03\/2011 Bogota &#8211; Villapinzon<\/span> <span class=\"meta-nav\">&rarr;<\/span><\/a><\/p>\n","protected":false},"author":2,"featured_media":0,"comment_status":"closed","ping_status":"open","sticky":false,"template":"","format":"standard","meta":[],"categories":[40,28],"tags":[97,105,407],"_links":{"self":[{"href":"http:\/\/stephane.weblog.starend.org\/index.php?rest_route=\/wp\/v2\/posts\/237"}],"collection":[{"href":"http:\/\/stephane.weblog.starend.org\/index.php?rest_route=\/wp\/v2\/posts"}],"about":[{"href":"http:\/\/stephane.weblog.starend.org\/index.php?rest_route=\/wp\/v2\/types\/post"}],"author":[{"embeddable":true,"href":"http:\/\/stephane.weblog.starend.org\/index.php?rest_route=\/wp\/v2\/users\/2"}],"replies":[{"embeddable":true,"href":"http:\/\/stephane.weblog.starend.org\/index.php?rest_route=%2Fwp%2Fv2%2Fcomments&post=237"}],"version-history":[{"count":0,"href":"http:\/\/stephane.weblog.starend.org\/index.php?rest_route=\/wp\/v2\/posts\/237\/revisions"}],"wp:attachment":[{"href":"http:\/\/stephane.weblog.starend.org\/index.php?rest_route=%2Fwp%2Fv2%2Fmedia&parent=237"}],"wp:term":[{"taxonomy":"category","embeddable":true,"href":"http:\/\/stephane.weblog.starend.org\/index.php?rest_route=%2Fwp%2Fv2%2Fcategories&post=237"},{"taxonomy":"post_tag","embeddable":true,"href":"http:\/\/stephane.weblog.starend.org\/index.php?rest_route=%2Fwp%2Fv2%2Ftags&post=237"}],"curies":[{"name":"wp","href":"https:\/\/api.w.org\/{rel}","templated":true}]}}