{"id":2281,"date":"2018-08-19T12:34:02","date_gmt":"2018-08-19T10:34:02","guid":{"rendered":"http:\/\/stephane.weblog.starend.org\/?p=2281"},"modified":"2018-09-06T18:16:56","modified_gmt":"2018-09-06T16:16:56","slug":"envolee","status":"publish","type":"post","link":"http:\/\/stephane.weblog.starend.org\/?p=2281","title":{"rendered":"Envol\u00e9e"},"content":{"rendered":"<p>12h34<\/p>\n<p style=\"text-align: justify;\">Les cendres d&rsquo;Oph\u00e9lia sont dispers\u00e9es en Vanoise du c\u00f4t\u00e9 de la Pointe de Lanserlia.<\/p>\n<p><a href=\"\/wp-content\/uploads\/stephane\/2018\/09\/img_0411_1024.jpg\"><img decoding=\"async\" loading=\"lazy\" class=\"size-medium wp-image-2282 aligncenter\" src=\"\/wp-content\/uploads\/stephane\/2018\/09\/img_0411_1024-450x300.jpg\" alt=\"img_0411_1024\" width=\"450\" height=\"300\" srcset=\"\/wp-content\/uploads\/stephane\/2018\/09\/img_0411_1024-450x300.jpg 450w, \/wp-content\/uploads\/stephane\/2018\/09\/img_0411_1024.jpg 1024w\" sizes=\"(max-width: 450px) 100vw, 450px\" \/><\/a><\/p>\n<p style=\"text-align: justify;\">Une vid\u00e9o a \u00e9t\u00e9 r\u00e9alis\u00e9e au m\u00eame moment : <a title=\"studio audiography - Entre ciel et terre\" href=\"http:\/\/audiography.org\/?v=2018.08.19_img0415x12co\" target=\"_blank\">http:\/\/audiography.org\/?v=2018.08.19_img0415x12co<\/a><\/p>\n<p style=\"text-align: justify;\">Il y a eu plusieurs gros orages ce soir l\u00e0 sur la Vanoise et du c\u00f4t\u00e9 du mont Cenis&#8230;<\/p>\n","protected":false},"excerpt":{"rendered":"<p>12h34 Les cendres d&rsquo;Oph\u00e9lia sont dispers\u00e9es en Vanoise du c\u00f4t\u00e9 de la Pointe de Lanserlia. Une vid\u00e9o a \u00e9t\u00e9 r\u00e9alis\u00e9e au m\u00eame moment : http:\/\/audiography.org\/?v=2018.08.19_img0415x12co Il y a eu plusieurs gros orages ce soir l\u00e0 sur la Vanoise et du c\u00f4t\u00e9 du mont Cenis&#8230;<\/p>\n","protected":false},"author":2,"featured_media":0,"comment_status":"open","ping_status":"open","sticky":false,"template":"","format":"standard","meta":[],"categories":[5],"tags":[],"_links":{"self":[{"href":"http:\/\/stephane.weblog.starend.org\/index.php?rest_route=\/wp\/v2\/posts\/2281"}],"collection":[{"href":"http:\/\/stephane.weblog.starend.org\/index.php?rest_route=\/wp\/v2\/posts"}],"about":[{"href":"http:\/\/stephane.weblog.starend.org\/index.php?rest_route=\/wp\/v2\/types\/post"}],"author":[{"embeddable":true,"href":"http:\/\/stephane.weblog.starend.org\/index.php?rest_route=\/wp\/v2\/users\/2"}],"replies":[{"embeddable":true,"href":"http:\/\/stephane.weblog.starend.org\/index.php?rest_route=%2Fwp%2Fv2%2Fcomments&post=2281"}],"version-history":[{"count":2,"href":"http:\/\/stephane.weblog.starend.org\/index.php?rest_route=\/wp\/v2\/posts\/2281\/revisions"}],"predecessor-version":[{"id":2284,"href":"http:\/\/stephane.weblog.starend.org\/index.php?rest_route=\/wp\/v2\/posts\/2281\/revisions\/2284"}],"wp:attachment":[{"href":"http:\/\/stephane.weblog.starend.org\/index.php?rest_route=%2Fwp%2Fv2%2Fmedia&parent=2281"}],"wp:term":[{"taxonomy":"category","embeddable":true,"href":"http:\/\/stephane.weblog.starend.org\/index.php?rest_route=%2Fwp%2Fv2%2Fcategories&post=2281"},{"taxonomy":"post_tag","embeddable":true,"href":"http:\/\/stephane.weblog.starend.org\/index.php?rest_route=%2Fwp%2Fv2%2Ftags&post=2281"}],"curies":[{"name":"wp","href":"https:\/\/api.w.org\/{rel}","templated":true}]}}