{"id":224,"date":"2011-03-16T07:56:41","date_gmt":"2011-03-16T05:56:41","guid":{"rendered":"http:\/\/stephane.weblog.starend.org\/?p=224"},"modified":"2011-03-16T07:56:41","modified_gmt":"2011-03-16T05:56:41","slug":"15032011-bogota-candelaria","status":"publish","type":"post","link":"http:\/\/stephane.weblog.starend.org\/?p=224","title":{"rendered":"15\/03\/2011 Bogota &#8211; Candelaria"},"content":{"rendered":"<p>Aujourd&rsquo;hui, nous allons visiter le quartier historique de Bogota : la Candelaria<\/p>\n<p>On y trouve diff\u00e9rents monuments et b\u00e2timents historiques officiels et religieux.<br \/>\nC&rsquo;est notamment le cas pour la place la plus connue, la place de Bol\u00e7var avec la mairie, le parlement, le palais de justice et l&rsquo;\u00e9glise.<br \/>\nPlus loin se trouve le palais pr\u00e9sidentiel.<\/p>\n<p>La Candelaria n&rsquo;est pas tr\u00e8s bien fr\u00e9quent\u00e9 le soir dans ses diff\u00e9rentes petites rues.<br \/>\nDiana stress beaucoup \u00e0 me voir sortir r\u00e9guli\u00e8rement l&rsquo;appareil photo.<br \/>\nMais \u00e7a se passe bien!<\/p>\n<p>Le ciel est assez sombre sur la montagne.<br \/>\nOn prendra un sacr\u00e9 orage sur la route du retour, dans le Transmilenio.<br \/>\nHeureusement, il ne pleut pas en arrivant vers l&rsquo;appartement, on reste sec :-)<\/p>\n<p><!--more--><\/p>\n<p style=\"text-align: center;\"><a href=\"http:\/\/stephane.weblog.starend.org\/wp-uploads\/stephane\/2011\/03\/colombie_img3471.jpg\"><img decoding=\"async\" loading=\"lazy\" class=\"alignnone size-medium wp-image-225\" title=\"colombie_img3471\" src=\"http:\/\/stephane.weblog.starend.org\/wp-uploads\/stephane\/2011\/03\/colombie_img3471-300x199.jpg\" alt=\"\" width=\"300\" height=\"199\" \/><\/a><br \/>\nFond de culture \u00e9conomique du Mexique \u00e0 Bogota, fait par Rogelio SALMONA.<\/p>\n<p style=\"text-align: center;\"><a href=\"http:\/\/stephane.weblog.starend.org\/wp-uploads\/stephane\/2011\/03\/colombie_img3485co.jpg\"><img decoding=\"async\" loading=\"lazy\" class=\"alignnone size-medium wp-image-226\" title=\"colombie_img3485co\" src=\"http:\/\/stephane.weblog.starend.org\/wp-uploads\/stephane\/2011\/03\/colombie_img3485co-300x199.jpg\" alt=\"\" width=\"300\" height=\"199\" \/><\/a><br \/>\nUn patio de galerie d&rsquo;art dans la Candelaria.<\/p>\n<p style=\"text-align: center;\"><a href=\"http:\/\/stephane.weblog.starend.org\/wp-uploads\/stephane\/2011\/03\/colombie_img3487.jpg\"><img decoding=\"async\" loading=\"lazy\" class=\"alignnone size-medium wp-image-227\" title=\"colombie_img3487\" src=\"http:\/\/stephane.weblog.starend.org\/wp-uploads\/stephane\/2011\/03\/colombie_img3487-199x300.jpg\" alt=\"\" width=\"199\" height=\"300\" \/><\/a><br \/>\nL&rsquo;int\u00e9rieur de la cath\u00e9drale de la place Bolivar.<\/p>\n<p style=\"text-align: center;\"><a href=\"http:\/\/stephane.weblog.starend.org\/wp-uploads\/stephane\/2011\/03\/colombie_img3500hdr.jpg\"><img decoding=\"async\" loading=\"lazy\" class=\"alignnone size-medium wp-image-228\" title=\"colombie_img3500hdr\" src=\"http:\/\/stephane.weblog.starend.org\/wp-uploads\/stephane\/2011\/03\/colombie_img3500hdr-178x300.jpg\" alt=\"\" width=\"178\" height=\"300\" \/><\/a><br \/>\nL&rsquo;entr\u00e9e du capitole.<br \/>\n(traitement HDR)<\/p>\n<p style=\"text-align: center;\"><a href=\"http:\/\/stephane.weblog.starend.org\/wp-uploads\/stephane\/2011\/03\/colombie_img3511hdr.jpg\"><img decoding=\"async\" loading=\"lazy\" class=\"alignnone size-medium wp-image-229\" title=\"colombie_img3511hdr\" src=\"http:\/\/stephane.weblog.starend.org\/wp-uploads\/stephane\/2011\/03\/colombie_img3511hdr-300x169.jpg\" alt=\"\" width=\"300\" height=\"169\" \/><\/a><br \/>\nLa cour du capitole.<br \/>\n(traitement HDR)<\/p>\n<p style=\"text-align: center;\"><a href=\"http:\/\/stephane.weblog.starend.org\/wp-uploads\/stephane\/2011\/03\/colombie_img3516panohdr.jpg\"><img decoding=\"async\" loading=\"lazy\" class=\"alignnone size-medium wp-image-230\" title=\"colombie_img3516panohdr\" src=\"http:\/\/stephane.weblog.starend.org\/wp-uploads\/stephane\/2011\/03\/colombie_img3516panohdr-300x118.jpg\" alt=\"\" width=\"300\" height=\"118\" \/><\/a><br \/>\nPanoramique de la place Bolivar vue depuis le capitole.<br \/>\n(traitement HDR + panoramique sur 3 vues)<\/p>\n<p style=\"text-align: center;\"><a href=\"http:\/\/stephane.weblog.starend.org\/wp-uploads\/stephane\/2011\/03\/colombie_img3539co.jpg\"><img decoding=\"async\" loading=\"lazy\" class=\"alignnone size-medium wp-image-231\" title=\"colombie_img3539co\" src=\"http:\/\/stephane.weblog.starend.org\/wp-uploads\/stephane\/2011\/03\/colombie_img3539co-199x300.jpg\" alt=\"\" width=\"199\" height=\"300\" \/><\/a><br \/>\nL&rsquo;int\u00e9rieur de l&rsquo;\u00e9glise de Saint Augustin.<br \/>\nStyle baroque de l&rsquo;\u00e9poque coloniale.<\/p>\n<p style=\"text-align: center;\"><a href=\"http:\/\/stephane.weblog.starend.org\/wp-uploads\/stephane\/2011\/03\/colombie_img3545.jpg\"><img decoding=\"async\" loading=\"lazy\" class=\"alignnone size-medium wp-image-232\" title=\"colombie_img3545\" src=\"http:\/\/stephane.weblog.starend.org\/wp-uploads\/stephane\/2011\/03\/colombie_img3545-300x199.jpg\" alt=\"\" width=\"300\" height=\"199\" \/><\/a><br \/>\nLa cour du b\u00e2timent des archives nationales, fait par Rogelio SALMONA.<\/p>\n<p style=\"text-align: center;\"><a href=\"http:\/\/stephane.weblog.starend.org\/wp-uploads\/stephane\/2011\/03\/colombie_img3554.jpg\"><img decoding=\"async\" loading=\"lazy\" class=\"alignnone size-medium wp-image-233\" title=\"colombie_img3554\" src=\"http:\/\/stephane.weblog.starend.org\/wp-uploads\/stephane\/2011\/03\/colombie_img3554-199x300.jpg\" alt=\"\" width=\"199\" height=\"300\" \/><\/a><br \/>\nA Chamb\u00e9ry&#8230; une bijouterie de la Candelaria ;-)<\/p>\n<p style=\"text-align: center;\"><a href=\"http:\/\/stephane.weblog.starend.org\/wp-uploads\/stephane\/2011\/03\/colombie_img3559.jpg\"><img decoding=\"async\" class=\"alignnone size-medium wp-image-234\" title=\"colombie_img3559\" src=\"http:\/\/stephane.weblog.starend.org\/wp-uploads\/stephane\/2011\/03\/colombie_img3559.jpg\" alt=\"\" \/><\/a><br \/>\nRetour \u00e0 la maison, sous la pluie.<\/p>\n","protected":false},"excerpt":{"rendered":"<p>Aujourd&rsquo;hui, nous allons visiter le quartier historique de Bogota : la Candelaria On y trouve diff\u00e9rents monuments et b\u00e2timents historiques officiels et religieux. C&rsquo;est notamment le cas pour la place la plus connue, la place de Bol\u00e7var avec la mairie, le parlement, le palais de justice et l&rsquo;\u00e9glise. Plus loin se trouve le palais pr\u00e9sidentiel. &hellip; <a href=\"http:\/\/stephane.weblog.starend.org\/?p=224\" class=\"more-link\">Continuer la lecture de <span class=\"screen-reader-text\">15\/03\/2011 Bogota &#8211; Candelaria<\/span> <span class=\"meta-nav\">&rarr;<\/span><\/a><\/p>\n","protected":false},"author":2,"featured_media":0,"comment_status":"open","ping_status":"open","sticky":false,"template":"","format":"standard","meta":[],"categories":[40,28],"tags":[97,105],"_links":{"self":[{"href":"http:\/\/stephane.weblog.starend.org\/index.php?rest_route=\/wp\/v2\/posts\/224"}],"collection":[{"href":"http:\/\/stephane.weblog.starend.org\/index.php?rest_route=\/wp\/v2\/posts"}],"about":[{"href":"http:\/\/stephane.weblog.starend.org\/index.php?rest_route=\/wp\/v2\/types\/post"}],"author":[{"embeddable":true,"href":"http:\/\/stephane.weblog.starend.org\/index.php?rest_route=\/wp\/v2\/users\/2"}],"replies":[{"embeddable":true,"href":"http:\/\/stephane.weblog.starend.org\/index.php?rest_route=%2Fwp%2Fv2%2Fcomments&post=224"}],"version-history":[{"count":0,"href":"http:\/\/stephane.weblog.starend.org\/index.php?rest_route=\/wp\/v2\/posts\/224\/revisions"}],"wp:attachment":[{"href":"http:\/\/stephane.weblog.starend.org\/index.php?rest_route=%2Fwp%2Fv2%2Fmedia&parent=224"}],"wp:term":[{"taxonomy":"category","embeddable":true,"href":"http:\/\/stephane.weblog.starend.org\/index.php?rest_route=%2Fwp%2Fv2%2Fcategories&post=224"},{"taxonomy":"post_tag","embeddable":true,"href":"http:\/\/stephane.weblog.starend.org\/index.php?rest_route=%2Fwp%2Fv2%2Ftags&post=224"}],"curies":[{"name":"wp","href":"https:\/\/api.w.org\/{rel}","templated":true}]}}