{"id":2193,"date":"2016-09-24T18:57:43","date_gmt":"2016-09-24T16:57:43","guid":{"rendered":"http:\/\/stephane.weblog.starend.org\/?p=2193"},"modified":"2016-09-24T19:00:50","modified_gmt":"2016-09-24T17:00:50","slug":"migration-de-sites-web","status":"publish","type":"post","link":"http:\/\/stephane.weblog.starend.org\/?p=2193","title":{"rendered":"Migration de sites web"},"content":{"rendered":"<p style=\"text-align: justify;\">Le blog est un peu d\u00e9laiss\u00e9 depuis quelques temps. Le traitement des photos avance au ralenti aussi&#8230; Je me concentre sur <a title=\"nebule\" href=\"http:\/\/nebule.org\" target=\"_blank\">nebule<\/a> et ses applications annexes.<br \/>\nJ&rsquo;ai renomm\u00e9 le blog au nom de \u00ab\u00a0<em>Starend<\/em>\u00a0\u00bb et laiss\u00e9 juste la r\u00e9f\u00e9rence \u00ab\u00a0<em>Air pur et grands espaces<\/em>\u00ab\u00a0.<\/p>\n<p style=\"text-align: justify;\">Mais pour ce qui est des photos, le site de mes photos <a title=\"photo.starend.org\" href=\"http:\/\/photo.starend.org\" target=\"_blank\">photo.starend.org<\/a> \u00e0 migr\u00e9 vers <a title=\"artemporal.com\" href=\"http:\/\/artemporal.com\" target=\"_blank\">artemporal.com<\/a>. Une redirection est faite du premier vers le second. Je poss\u00e9dais ce nom de domaine depuis un moment mais sans l&rsquo;utiliser. Voila c&rsquo;est fait !<br \/>\nDu coup, je dois refaire un nouveau logo pour les photos&#8230;<\/p>\n<p style=\"text-align: justify;\">Le site web <a title=\"artemporal.org\" href=\"http:\/\/artemporal.org\" target=\"_blank\">artemporal.org<\/a> reste en place avec son contenu d&rsquo;origine fig\u00e9. Le nom de domaine <em>artemporal.net<\/em> est rel\u00e2ch\u00e9.<\/p>\n<p style=\"text-align: justify;\">Mes derni\u00e8res vacances en Savoie ont \u00e9t\u00e9 l&rsquo;occasion de faire plusieurs photos en pose longue et vid\u00e9os de cascades. Les vid\u00e9os sont en grande partie d\u00e9j\u00e0 trait\u00e9es et sur <a title=\"audiography.org\" href=\"http:\/\/audiography.org\" target=\"_blank\">audiography.org<\/a>. Pour les photos il me faut un peu de temps.<br \/>\nLe site web <em>audiography.org<\/em> devrait assez rapidement \u00eatre corrig\u00e9 graphiquement mais surtout refait sur une base de <em>nebule<\/em>. Il sera le site de d\u00e9monstration d&rsquo;une application hors de la sph\u00e8re <em>nebule<\/em>.<\/p>\n<p style=\"text-align: center;\"><a href=\"http:\/\/www.audiography.org\/?v=2016.08.12_img3482co\"><img decoding=\"async\" loading=\"lazy\" class=\"alignnone size-full wp-image-2194\" src=\"\/wp-content\/uploads\/stephane\/2016\/09\/icone.jpg\" alt=\"icone\" width=\"400\" height=\"400\" srcset=\"\/wp-content\/uploads\/stephane\/2016\/09\/icone.jpg 400w, \/wp-content\/uploads\/stephane\/2016\/09\/icone-150x150.jpg 150w\" sizes=\"(max-width: 400px) 100vw, 400px\" \/><br \/>\n<\/a><em>Studio audiography &#8211; Cascades et bulles<\/em><\/p>\n","protected":false},"excerpt":{"rendered":"<p>Le blog est un peu d\u00e9laiss\u00e9 depuis quelques temps. Le traitement des photos avance au ralenti aussi&#8230; Je me concentre sur nebule et ses applications annexes. J&rsquo;ai renomm\u00e9 le blog au nom de \u00ab\u00a0Starend\u00a0\u00bb et laiss\u00e9 juste la r\u00e9f\u00e9rence \u00ab\u00a0Air pur et grands espaces\u00ab\u00a0. Mais pour ce qui est des photos, le site de mes &hellip; <a href=\"http:\/\/stephane.weblog.starend.org\/?p=2193\" class=\"more-link\">Continuer la lecture de <span class=\"screen-reader-text\">Migration de sites web<\/span> <span class=\"meta-nav\">&rarr;<\/span><\/a><\/p>\n","protected":false},"author":2,"featured_media":0,"comment_status":"open","ping_status":"open","sticky":false,"template":"","format":"standard","meta":[],"categories":[2,3,10,19,22,29],"tags":[],"_links":{"self":[{"href":"http:\/\/stephane.weblog.starend.org\/index.php?rest_route=\/wp\/v2\/posts\/2193"}],"collection":[{"href":"http:\/\/stephane.weblog.starend.org\/index.php?rest_route=\/wp\/v2\/posts"}],"about":[{"href":"http:\/\/stephane.weblog.starend.org\/index.php?rest_route=\/wp\/v2\/types\/post"}],"author":[{"embeddable":true,"href":"http:\/\/stephane.weblog.starend.org\/index.php?rest_route=\/wp\/v2\/users\/2"}],"replies":[{"embeddable":true,"href":"http:\/\/stephane.weblog.starend.org\/index.php?rest_route=%2Fwp%2Fv2%2Fcomments&post=2193"}],"version-history":[{"count":3,"href":"http:\/\/stephane.weblog.starend.org\/index.php?rest_route=\/wp\/v2\/posts\/2193\/revisions"}],"predecessor-version":[{"id":2197,"href":"http:\/\/stephane.weblog.starend.org\/index.php?rest_route=\/wp\/v2\/posts\/2193\/revisions\/2197"}],"wp:attachment":[{"href":"http:\/\/stephane.weblog.starend.org\/index.php?rest_route=%2Fwp%2Fv2%2Fmedia&parent=2193"}],"wp:term":[{"taxonomy":"category","embeddable":true,"href":"http:\/\/stephane.weblog.starend.org\/index.php?rest_route=%2Fwp%2Fv2%2Fcategories&post=2193"},{"taxonomy":"post_tag","embeddable":true,"href":"http:\/\/stephane.weblog.starend.org\/index.php?rest_route=%2Fwp%2Fv2%2Ftags&post=2193"}],"curies":[{"name":"wp","href":"https:\/\/api.w.org\/{rel}","templated":true}]}}