{"id":2127,"date":"2015-08-24T05:35:51","date_gmt":"2015-08-24T03:35:51","guid":{"rendered":"http:\/\/stephane.weblog.starend.org\/?p=2127"},"modified":"2015-08-24T05:35:51","modified_gmt":"2015-08-24T03:35:51","slug":"bosques-de-bellavista","status":"publish","type":"post","link":"http:\/\/stephane.weblog.starend.org\/?p=2127","title":{"rendered":"Bosques de Bellavista"},"content":{"rendered":"<p>On \u00e9tait all\u00e9 avec une tante de Diana du c\u00f4t\u00e9 de <em>La Calera<\/em> avant de revenir et de s&rsquo;arr\u00eater prendre un verre avec la vue sur <em>Bogot\u00e1<\/em> au cr\u00e9puscule.<\/p>\n<p>&#8211; <a title=\"2015.08.22 Colombie - Bosques de Bellavista\" href=\"http:\/\/balade.starend.org\/balade.php?balade=2015.08.22_Colombie_-_Bosques_de_Bellavista&amp;d=0&amp;a=2015&amp;c=tout\" target=\"_blank\">2015.08.22 Colombie &#8211; Bosques de Bellavista<\/a><\/p>\n<p>Et deux photos plus sp\u00e9cifiquement travaill\u00e9es :<\/p>\n<p style=\"text-align: center;\"><a href=\"\/wp-content\/uploads\/stephane\/2015\/08\/img.1024x1024.jpg\"><img decoding=\"async\" loading=\"lazy\" class=\"alignnone size-medium wp-image-2128\" alt=\"_img.1024x1024\" src=\"\/wp-content\/uploads\/stephane\/2015\/08\/img.1024x1024-450x119.jpg\" width=\"450\" height=\"119\" \/><\/a><br \/>\n<a title=\"2015.08.22img_9205pano\" href=\"http:\/\/photo.starend.org\/photo.php?class=Architecture&amp;photo=2015.08.22img_9205pano\" target=\"_blank\">2015.08.22img_9205pano<\/a><\/p>\n<p style=\"text-align: center;\"><a href=\"\/wp-content\/uploads\/stephane\/2015\/08\/img.1024x10241.jpg\"><img decoding=\"async\" loading=\"lazy\" class=\"alignnone size-medium wp-image-2129\" alt=\"_img.1024x1024\" src=\"\/wp-content\/uploads\/stephane\/2015\/08\/img.1024x10241-450x149.jpg\" width=\"450\" height=\"149\" \/><\/a><br \/>\n<a title=\"2015.08.22img_9216co\" href=\"http:\/\/photo.starend.org\/photo.php?class=Architecture&amp;photo=2015.08.22img_9216co\" target=\"_blank\">2015.08.22img_9216co<\/a><\/p>\n","protected":false},"excerpt":{"rendered":"<p>On \u00e9tait all\u00e9 avec une tante de Diana du c\u00f4t\u00e9 de La Calera avant de revenir et de s&rsquo;arr\u00eater prendre un verre avec la vue sur Bogot\u00e1 au cr\u00e9puscule. &#8211; 2015.08.22 Colombie &#8211; Bosques de Bellavista Et deux photos plus sp\u00e9cifiquement travaill\u00e9es : 2015.08.22img_9205pano 2015.08.22img_9216co<\/p>\n","protected":false},"author":2,"featured_media":0,"comment_status":"open","ping_status":"open","sticky":false,"template":"","format":"standard","meta":[],"categories":[38,40,19,28],"tags":[],"_links":{"self":[{"href":"http:\/\/stephane.weblog.starend.org\/index.php?rest_route=\/wp\/v2\/posts\/2127"}],"collection":[{"href":"http:\/\/stephane.weblog.starend.org\/index.php?rest_route=\/wp\/v2\/posts"}],"about":[{"href":"http:\/\/stephane.weblog.starend.org\/index.php?rest_route=\/wp\/v2\/types\/post"}],"author":[{"embeddable":true,"href":"http:\/\/stephane.weblog.starend.org\/index.php?rest_route=\/wp\/v2\/users\/2"}],"replies":[{"embeddable":true,"href":"http:\/\/stephane.weblog.starend.org\/index.php?rest_route=%2Fwp%2Fv2%2Fcomments&post=2127"}],"version-history":[{"count":0,"href":"http:\/\/stephane.weblog.starend.org\/index.php?rest_route=\/wp\/v2\/posts\/2127\/revisions"}],"wp:attachment":[{"href":"http:\/\/stephane.weblog.starend.org\/index.php?rest_route=%2Fwp%2Fv2%2Fmedia&parent=2127"}],"wp:term":[{"taxonomy":"category","embeddable":true,"href":"http:\/\/stephane.weblog.starend.org\/index.php?rest_route=%2Fwp%2Fv2%2Fcategories&post=2127"},{"taxonomy":"post_tag","embeddable":true,"href":"http:\/\/stephane.weblog.starend.org\/index.php?rest_route=%2Fwp%2Fv2%2Ftags&post=2127"}],"curies":[{"name":"wp","href":"https:\/\/api.w.org\/{rel}","templated":true}]}}