{"id":2090,"date":"2015-08-16T04:50:42","date_gmt":"2015-08-16T02:50:42","guid":{"rendered":"http:\/\/stephane.weblog.starend.org\/?p=2090"},"modified":"2015-08-16T04:50:42","modified_gmt":"2015-08-16T02:50:42","slug":"vers-macheta","status":"publish","type":"post","link":"http:\/\/stephane.weblog.starend.org\/?p=2090","title":{"rendered":"Vers Macheta"},"content":{"rendered":"<p style=\"text-align: justify;\">Sur la route de Macheta, sous la pluie, on a fait quelques photos. On esp\u00e9rait un peu qu&rsquo;il ferait meilleurs de ce c\u00f4t\u00e9 l\u00e0 de la montagne, mais sous la pluie il faisait juste un peu plus chaud.<br \/>\n&#8211; <a title=\"2015.08.14 Colombie - Macheta\" href=\"http:\/\/balade.starend.org\/balade.php?balade=2015.08.14_Colombie_-_Macheta&amp;d=0&amp;a=2015&amp;c=tout\" target=\"_blank\">2015.08.14 Colombie &#8211; Macheta<\/a><\/p>\n<p style=\"text-align: center;\"><a href=\"\/wp-content\/uploads\/stephane\/2015\/08\/20150814170251_d313fa58_img8660.jpg\"><img decoding=\"async\" loading=\"lazy\" class=\"alignnone size-medium wp-image-2091\" alt=\"20150814170251_d313fa58_img8660\" src=\"\/wp-content\/uploads\/stephane\/2015\/08\/20150814170251_d313fa58_img8660-450x300.jpg\" width=\"450\" height=\"300\" srcset=\"\/wp-content\/uploads\/stephane\/2015\/08\/20150814170251_d313fa58_img8660-450x300.jpg 450w, \/wp-content\/uploads\/stephane\/2015\/08\/20150814170251_d313fa58_img8660.jpg 1024w\" sizes=\"(max-width: 450px) 100vw, 450px\" \/><\/a><\/p>\n<p style=\"text-align: justify;\">Il faut dire, la matin\u00e9e avait \u00e9t\u00e9 mouvement\u00e9e.<br \/>\nOn \u00e9tait mont\u00e9 \u00e0 la ferme pour nourrir les vaches. J&rsquo;ai pos\u00e9 une plaque de t\u00f4le ondul\u00e9e m\u00e9tallique sur le toit pour combler un trou en attendant que ce soit r\u00e9par\u00e9 compl\u00e8tement&#8230; et je me suis bless\u00e9 \u00e0 la main \u00e0 la fin. C&rsquo;est toujours quand l&rsquo;attention se rel\u00e2che que les accidents arrivent :-(<br \/>\nEn revenant de la ferme, Diana conduisait le 4&#215;4. Juste en arrivant \u00e0 la maison, et en passant la marche arri\u00e8re, le levier de vitesse lui est rest\u00e9 dans les mains. Pas de casse, on \u00e9tait \u00e0 l&rsquo;arr\u00eat, mais bon&#8230;<\/p>\n","protected":false},"excerpt":{"rendered":"<p>Sur la route de Macheta, sous la pluie, on a fait quelques photos. On esp\u00e9rait un peu qu&rsquo;il ferait meilleurs de ce c\u00f4t\u00e9 l\u00e0 de la montagne, mais sous la pluie il faisait juste un peu plus chaud. &#8211; 2015.08.14 Colombie &#8211; Macheta Il faut dire, la matin\u00e9e avait \u00e9t\u00e9 mouvement\u00e9e. On \u00e9tait mont\u00e9 \u00e0 &hellip; <a href=\"http:\/\/stephane.weblog.starend.org\/?p=2090\" class=\"more-link\">Continuer la lecture de <span class=\"screen-reader-text\">Vers Macheta<\/span> <span class=\"meta-nav\">&rarr;<\/span><\/a><\/p>\n","protected":false},"author":2,"featured_media":0,"comment_status":"open","ping_status":"open","sticky":false,"template":"","format":"standard","meta":[],"categories":[40,19,28],"tags":[],"_links":{"self":[{"href":"http:\/\/stephane.weblog.starend.org\/index.php?rest_route=\/wp\/v2\/posts\/2090"}],"collection":[{"href":"http:\/\/stephane.weblog.starend.org\/index.php?rest_route=\/wp\/v2\/posts"}],"about":[{"href":"http:\/\/stephane.weblog.starend.org\/index.php?rest_route=\/wp\/v2\/types\/post"}],"author":[{"embeddable":true,"href":"http:\/\/stephane.weblog.starend.org\/index.php?rest_route=\/wp\/v2\/users\/2"}],"replies":[{"embeddable":true,"href":"http:\/\/stephane.weblog.starend.org\/index.php?rest_route=%2Fwp%2Fv2%2Fcomments&post=2090"}],"version-history":[{"count":0,"href":"http:\/\/stephane.weblog.starend.org\/index.php?rest_route=\/wp\/v2\/posts\/2090\/revisions"}],"wp:attachment":[{"href":"http:\/\/stephane.weblog.starend.org\/index.php?rest_route=%2Fwp%2Fv2%2Fmedia&parent=2090"}],"wp:term":[{"taxonomy":"category","embeddable":true,"href":"http:\/\/stephane.weblog.starend.org\/index.php?rest_route=%2Fwp%2Fv2%2Fcategories&post=2090"},{"taxonomy":"post_tag","embeddable":true,"href":"http:\/\/stephane.weblog.starend.org\/index.php?rest_route=%2Fwp%2Fv2%2Ftags&post=2090"}],"curies":[{"name":"wp","href":"https:\/\/api.w.org\/{rel}","templated":true}]}}