{"id":2001,"date":"2015-05-31T12:08:06","date_gmt":"2015-05-31T10:08:06","guid":{"rendered":"http:\/\/stephane.weblog.starend.org\/?p=2001"},"modified":"2015-05-31T12:08:06","modified_gmt":"2015-05-31T10:08:06","slug":"pourquoi-croit-on-les-climato-sceptiques","status":"publish","type":"post","link":"http:\/\/stephane.weblog.starend.org\/?p=2001","title":{"rendered":"Pourquoi croit-on les climato-sceptiques ?"},"content":{"rendered":"<p style=\"text-align: justify;\">Article int\u00e9ressant sur la repr\u00e9sentation des id\u00e9es des climato-sceptiques sur <a title=\"Pourquoi croit-on les climato-sceptiques ?\" href=\"http:\/\/www.lemonde.fr\/climat\/article\/2015\/05\/28\/pourquoi-croit-on-les-climato-sceptiques_4642728_1652612.html\" target=\"_blank\">Le Monde<\/a>.<\/p>\n<p itemprop=\"Headline\" style=\"text-align: justify;\">Mon avis, la plupart des climato-sceptiques sont des gens qui ont un int\u00e9r\u00eat \u00e0 maintenir le statut actuel, surtout de gros industriels pollueurs. Et ils payent beaucoup pour que ce statut quo soit maintenu, quelles qu&rsquo;en soient les cons\u00e9quences.<\/p>\n<p itemprop=\"Headline\" style=\"text-align: justify;\">Mais pour nous, la population, quel est notre int\u00e9r\u00eat ?<br \/>\nPour une personnalit\u00e9 politique, dire que l&rsquo;on doit changer toutes nos habitudes (m\u00eame si c&rsquo;est pour notre bien), c&rsquo;est un suicide politique. Ne reste qu&rsquo;\u00e0 esp\u00e9rer que les premiers gros probl\u00e8mes seront \u00ab\u00a0pour mon successeur\u00a0\u00bb&#8230;<br \/>\nAucune volont\u00e9 politique majeure donc. Et donc peu de d\u00e9bat publique visible. La voie est libre pour les voies dissonantes.<\/p>\n<p itemprop=\"Headline\" style=\"text-align: justify;\">Il y a d\u00e9j\u00e0 eu dans le pass\u00e9 des d\u00e9bats similaires pour la rondit\u00e9 de la terre ou le droit de vote des femmes par exemple. En fait tout sujet qui fait significativement avancer la soci\u00e9t\u00e9, ou plut\u00f4t qui remet en cause des positions et monopoles \u00e9tablis, provoque un premier mouvement de rejet. Une minorit\u00e9 de personnes remettent en cause un monopole de pens\u00e9e bien enracin\u00e9. Il en est de m\u00eame sur le climat, une minorit\u00e9 de personnes remettent en question la validit\u00e9 de ce monopole de pens\u00e9e sur la responsabilit\u00e9 de l&rsquo;homme dans le r\u00e9chauffement de la terre.<br \/>\nN&rsquo;ont-ils pas raison ? Ne nous serions nous pas tromp\u00e9 quelque part ?<br \/>\nCe que l&rsquo;on oubli aujourd&rsquo;hui c&rsquo;est que cette pens\u00e9e de faire porter la responsabilit\u00e9 du r\u00e9chauffement climatique \u00e0 l&rsquo;homme n&rsquo;est pas nouvelle. Elle a m\u00eame longtemps \u00e9t\u00e9 minoritaire. Aujourd&rsquo;hui, plus les gens s&rsquo;y int\u00e9ressent plus on se rend compte qu&rsquo;elle est fond\u00e9e. Les climato-sceptiques sont maintenant l&rsquo;arri\u00e8re garde d&rsquo;un mode de pens\u00e9e pass\u00e9iste qui s&rsquo;accroche d\u00e9sesp\u00e9r\u00e9ment \u00e0 son monopole pass\u00e9. Leur derni\u00e8re carte, pour reculer l&rsquo;\u00e9ch\u00e9ance, c&rsquo;est de semer le doute dans l&rsquo;esprit des gens qui n&rsquo;ont pas de connaissances assez pouss\u00e9es sur ce sujet \u00e0 la fois tr\u00e8s technique et tr\u00e8s diffus parce que global.<br \/>\nIl n&rsquo;existe plus beaucoup de gens aujourd&rsquo;hui pour retirer le droit de vote aux femmes, et encore moins pour remettre en question la nature ronde ou presque de la terre, notre terre.<br \/>\nDans 100ans, il y aura encore des climato-sceptiques, vestiges de pouvoirs anciens issus de notre monde d&rsquo;aujourd&rsquo;hui.<\/p>\n<p itemprop=\"Headline\" style=\"text-align: justify;\">Enfin, l&rsquo;augmentation de temp\u00e9rature n&rsquo;est plus gu\u00e8re controvers\u00e9e, on bataille surtout sur sa nature humaine (la responsabilit\u00e9). Mais, r\u00e9flexion profond\u00e9ment stupide, on se garde que faire quelque chose puisque ce n&rsquo;est pas de notre faute !<br \/>\nNous allons nous \u00e9craser \u00e0 vive allure contre un mur, mais comme ce n&rsquo;est la faute (responsabilit\u00e9) de personne, alors personne ne fait rien pour \u00e9viter la collision&#8230;<\/p>\n","protected":false},"excerpt":{"rendered":"<p>Article int\u00e9ressant sur la repr\u00e9sentation des id\u00e9es des climato-sceptiques sur Le Monde. Mon avis, la plupart des climato-sceptiques sont des gens qui ont un int\u00e9r\u00eat \u00e0 maintenir le statut actuel, surtout de gros industriels pollueurs. Et ils payent beaucoup pour que ce statut quo soit maintenu, quelles qu&rsquo;en soient les cons\u00e9quences. Mais pour nous, la &hellip; <a href=\"http:\/\/stephane.weblog.starend.org\/?p=2001\" class=\"more-link\">Continuer la lecture de <span class=\"screen-reader-text\">Pourquoi croit-on les climato-sceptiques ?<\/span> <span class=\"meta-nav\">&rarr;<\/span><\/a><\/p>\n","protected":false},"author":2,"featured_media":0,"comment_status":"open","ping_status":"open","sticky":false,"template":"","format":"standard","meta":[],"categories":[2,9],"tags":[],"_links":{"self":[{"href":"http:\/\/stephane.weblog.starend.org\/index.php?rest_route=\/wp\/v2\/posts\/2001"}],"collection":[{"href":"http:\/\/stephane.weblog.starend.org\/index.php?rest_route=\/wp\/v2\/posts"}],"about":[{"href":"http:\/\/stephane.weblog.starend.org\/index.php?rest_route=\/wp\/v2\/types\/post"}],"author":[{"embeddable":true,"href":"http:\/\/stephane.weblog.starend.org\/index.php?rest_route=\/wp\/v2\/users\/2"}],"replies":[{"embeddable":true,"href":"http:\/\/stephane.weblog.starend.org\/index.php?rest_route=%2Fwp%2Fv2%2Fcomments&post=2001"}],"version-history":[{"count":0,"href":"http:\/\/stephane.weblog.starend.org\/index.php?rest_route=\/wp\/v2\/posts\/2001\/revisions"}],"wp:attachment":[{"href":"http:\/\/stephane.weblog.starend.org\/index.php?rest_route=%2Fwp%2Fv2%2Fmedia&parent=2001"}],"wp:term":[{"taxonomy":"category","embeddable":true,"href":"http:\/\/stephane.weblog.starend.org\/index.php?rest_route=%2Fwp%2Fv2%2Fcategories&post=2001"},{"taxonomy":"post_tag","embeddable":true,"href":"http:\/\/stephane.weblog.starend.org\/index.php?rest_route=%2Fwp%2Fv2%2Ftags&post=2001"}],"curies":[{"name":"wp","href":"https:\/\/api.w.org\/{rel}","templated":true}]}}