{"id":1959,"date":"2015-04-29T22:19:35","date_gmt":"2015-04-29T20:19:35","guid":{"rendered":"http:\/\/stephane.weblog.starend.org\/?p=1959"},"modified":"2015-04-29T22:19:35","modified_gmt":"2015-04-29T20:19:35","slug":"personnalisation-de-sa-machine-linux-introduction","status":"publish","type":"post","link":"http:\/\/stephane.weblog.starend.org\/?p=1959","title":{"rendered":"Personnalisation de sa machine Linux &#8211; Introduction"},"content":{"rendered":"<p style=\"text-align: justify;\">Je vais d\u00e9marrer un cycle de quelques articles sur la personnalisation d&rsquo;une machine Linux. Les manipulations seront r\u00e9alis\u00e9es sur la toute derni\u00e8re <a title=\"Debian\" href=\"https:\/\/www.debian.org\/\" target=\"_blank\">Debian<\/a> Linux 8.0 \u00ab\u00a0Jessie\u00a0\u00bb <a title=\"Jessie\" href=\"https:\/\/www.debian.org\/News\/2015\/20150426\" target=\"_blank\">sortie il y a quelques jours seulement<\/a>. Mais beaucoup de manipulations pourront \u00eatre reproduites sur <a title=\"Ubuntu\" href=\"http:\/\/www.ubuntu.com\/\" target=\"_blank\">Ubuntu<\/a> et <a title=\"Mint\" href=\"http:\/\/www.linuxmint.com\/\" target=\"_blank\">Mint<\/a> en particulier et sur sur d&rsquo;autres distributions Linux r\u00e9centes en g\u00e9n\u00e9ral.<\/p>\n<p style=\"text-align: justify;\">Tout est fait dans mon cas sur une installation de Debian 8.0 sur cl\u00e9 USB. En cas de probl\u00e8me, si on casse quelque chose, le Linux install\u00e9 sur la station, normalement sur le disque dur, n&rsquo;est pas endommag\u00e9e, ou a peu de chance de l&rsquo;\u00eatre.<\/p>\n<p style=\"text-align: justify;\">On sait tous personnaliser le fond d&rsquo;\u00e9cran du bureau et la couleur des fen\u00eatres. Mais il y a pleins d&rsquo;autres choses que l&rsquo;on peut adapter \u00e0 ses g\u00f4uts ou aux couleurs de son entreprise ou association.<br \/>\nVoici la liste des sujets qui seront abord\u00e9s dans les prochains articles :<\/p>\n<ol>\n<li><a title=\"Personnalisation de sa machine Linux \u00e2\u20ac\u201c 1 chargeur de d\u00e9marrage\" href=\"http:\/\/stephane.weblog.starend.org\/?p=1962\">Personnalisation du chargeur de d\u00e9marrage<\/a> ;<\/li>\n<li>Personnalisation du d\u00e9marrage\/arr\u00eat du syst\u00e8me ;<\/li>\n<li>Personnalisation du gestionnaire de connexion ;<\/li>\n<li>Choix du gestionnaire de fen\u00eatre ;<\/li>\n<li>Personnalisation du bureau.<\/li>\n<\/ol>\n<p style=\"text-align: justify;\">Avant de commencer ce travail \u00e0 plusieurs \u00e9tages, il faut d\u00e9terminer le th\u00e8me graphique, le style ou la charte graphique que l&rsquo;on souhaite appliquer.<\/p>\n","protected":false},"excerpt":{"rendered":"<p>Je vais d\u00e9marrer un cycle de quelques articles sur la personnalisation d&rsquo;une machine Linux. Les manipulations seront r\u00e9alis\u00e9es sur la toute derni\u00e8re Debian Linux 8.0 \u00ab\u00a0Jessie\u00a0\u00bb sortie il y a quelques jours seulement. Mais beaucoup de manipulations pourront \u00eatre reproduites sur Ubuntu et Mint en particulier et sur sur d&rsquo;autres distributions Linux r\u00e9centes en g\u00e9n\u00e9ral. &hellip; <a href=\"http:\/\/stephane.weblog.starend.org\/?p=1959\" class=\"more-link\">Continuer la lecture de <span class=\"screen-reader-text\">Personnalisation de sa machine Linux &#8211; Introduction<\/span> <span class=\"meta-nav\">&rarr;<\/span><\/a><\/p>\n","protected":false},"author":2,"featured_media":0,"comment_status":"open","ping_status":"open","sticky":false,"template":"","format":"standard","meta":[],"categories":[43,10,11,13,18,26],"tags":[],"_links":{"self":[{"href":"http:\/\/stephane.weblog.starend.org\/index.php?rest_route=\/wp\/v2\/posts\/1959"}],"collection":[{"href":"http:\/\/stephane.weblog.starend.org\/index.php?rest_route=\/wp\/v2\/posts"}],"about":[{"href":"http:\/\/stephane.weblog.starend.org\/index.php?rest_route=\/wp\/v2\/types\/post"}],"author":[{"embeddable":true,"href":"http:\/\/stephane.weblog.starend.org\/index.php?rest_route=\/wp\/v2\/users\/2"}],"replies":[{"embeddable":true,"href":"http:\/\/stephane.weblog.starend.org\/index.php?rest_route=%2Fwp%2Fv2%2Fcomments&post=1959"}],"version-history":[{"count":0,"href":"http:\/\/stephane.weblog.starend.org\/index.php?rest_route=\/wp\/v2\/posts\/1959\/revisions"}],"wp:attachment":[{"href":"http:\/\/stephane.weblog.starend.org\/index.php?rest_route=%2Fwp%2Fv2%2Fmedia&parent=1959"}],"wp:term":[{"taxonomy":"category","embeddable":true,"href":"http:\/\/stephane.weblog.starend.org\/index.php?rest_route=%2Fwp%2Fv2%2Fcategories&post=1959"},{"taxonomy":"post_tag","embeddable":true,"href":"http:\/\/stephane.weblog.starend.org\/index.php?rest_route=%2Fwp%2Fv2%2Ftags&post=1959"}],"curies":[{"name":"wp","href":"https:\/\/api.w.org\/{rel}","templated":true}]}}