{"id":1904,"date":"2015-01-11T20:00:12","date_gmt":"2015-01-11T18:00:12","guid":{"rendered":"http:\/\/stephane.weblog.starend.org\/?p=1904"},"modified":"2015-01-11T20:00:12","modified_gmt":"2015-01-11T18:00:12","slug":"nous-sommes-charlie","status":"publish","type":"post","link":"http:\/\/stephane.weblog.starend.org\/?p=1904","title":{"rendered":"Nous sommes Charlie"},"content":{"rendered":"<p style=\"text-align: justify;\">On \u00e9tait \u00e0 la marche r\u00e9publicaine de Paris. Une manifestation comme on en a jamais vu.<br \/>\nIl se passe des choses bien pire dans le monde, 12 journalistes et accompagnateurs morts c&rsquo;est pas beaucoup apr\u00e8s tout. Mais il fallait \u00eatre pr\u00e9sent. Ici en France, pays des droits de l&rsquo;hommes. Nous devons marquer que nous sommes contre cet attentat l\u00e2che et contre cette forme de censure violente de la presse. La r\u00e9publique est sous la pression des int\u00e9gristes, et pas que islamistes. En ces temps de crise, la haine est un instrument efficace. D\u00e9fendre la presse, m\u00eame satirique, c&rsquo;est d\u00e9fendre la r\u00e9publique, c&rsquo;est d\u00e9fendre la voix de chacun, la libert\u00e9 d&rsquo;expression !<br \/>\nJe suis Charlie.<\/p>\n<p style=\"text-align: center;\"><a href=\"\/wp-content\/uploads\/stephane\/2015\/01\/10905996_10155123385405360_972902341793950092_n.jpg\"><img decoding=\"async\" loading=\"lazy\" class=\"alignnone size-medium wp-image-1905\" alt=\"10905996_10155123385405360_972902341793950092_n\" src=\"\/wp-content\/uploads\/stephane\/2015\/01\/10905996_10155123385405360_972902341793950092_n-450x450.jpg\" width=\"450\" height=\"450\" srcset=\"\/wp-content\/uploads\/stephane\/2015\/01\/10905996_10155123385405360_972902341793950092_n-450x450.jpg 450w, \/wp-content\/uploads\/stephane\/2015\/01\/10905996_10155123385405360_972902341793950092_n-150x150.jpg 150w, \/wp-content\/uploads\/stephane\/2015\/01\/10905996_10155123385405360_972902341793950092_n.jpg 482w\" sizes=\"(max-width: 450px) 100vw, 450px\" \/><\/a><\/p>\n<p style=\"text-align: left;\">Quelques photos : <a title=\"2015.01.11_Nous_sommes_Charlie\" href=\"http:\/\/balade.starend.org\/balade.php?balade=2015.01.11_Nous_sommes_Charlie&amp;d=0&amp;a=2015&amp;c=tout\" target=\"_blank\">2015.01.11_Nous_sommes_Charlie<\/a><\/p>\n","protected":false},"excerpt":{"rendered":"<p>On \u00e9tait \u00e0 la marche r\u00e9publicaine de Paris. Une manifestation comme on en a jamais vu. Il se passe des choses bien pire dans le monde, 12 journalistes et accompagnateurs morts c&rsquo;est pas beaucoup apr\u00e8s tout. Mais il fallait \u00eatre pr\u00e9sent. Ici en France, pays des droits de l&rsquo;hommes. Nous devons marquer que nous sommes &hellip; <a href=\"http:\/\/stephane.weblog.starend.org\/?p=1904\" class=\"more-link\">Continuer la lecture de <span class=\"screen-reader-text\">Nous sommes Charlie<\/span> <span class=\"meta-nav\">&rarr;<\/span><\/a><\/p>\n","protected":false},"author":2,"featured_media":0,"comment_status":"open","ping_status":"open","sticky":false,"template":"","format":"standard","meta":[],"categories":[2],"tags":[],"_links":{"self":[{"href":"http:\/\/stephane.weblog.starend.org\/index.php?rest_route=\/wp\/v2\/posts\/1904"}],"collection":[{"href":"http:\/\/stephane.weblog.starend.org\/index.php?rest_route=\/wp\/v2\/posts"}],"about":[{"href":"http:\/\/stephane.weblog.starend.org\/index.php?rest_route=\/wp\/v2\/types\/post"}],"author":[{"embeddable":true,"href":"http:\/\/stephane.weblog.starend.org\/index.php?rest_route=\/wp\/v2\/users\/2"}],"replies":[{"embeddable":true,"href":"http:\/\/stephane.weblog.starend.org\/index.php?rest_route=%2Fwp%2Fv2%2Fcomments&post=1904"}],"version-history":[{"count":0,"href":"http:\/\/stephane.weblog.starend.org\/index.php?rest_route=\/wp\/v2\/posts\/1904\/revisions"}],"wp:attachment":[{"href":"http:\/\/stephane.weblog.starend.org\/index.php?rest_route=%2Fwp%2Fv2%2Fmedia&parent=1904"}],"wp:term":[{"taxonomy":"category","embeddable":true,"href":"http:\/\/stephane.weblog.starend.org\/index.php?rest_route=%2Fwp%2Fv2%2Fcategories&post=1904"},{"taxonomy":"post_tag","embeddable":true,"href":"http:\/\/stephane.weblog.starend.org\/index.php?rest_route=%2Fwp%2Fv2%2Ftags&post=1904"}],"curies":[{"name":"wp","href":"https:\/\/api.w.org\/{rel}","templated":true}]}}