{"id":1860,"date":"2014-12-25T16:04:00","date_gmt":"2014-12-25T14:04:00","guid":{"rendered":"http:\/\/stephane.weblog.starend.org\/?p=1860"},"modified":"2014-12-25T16:04:00","modified_gmt":"2014-12-25T14:04:00","slug":"photos-du-col-de-la-bonette","status":"publish","type":"post","link":"http:\/\/stephane.weblog.starend.org\/?p=1860","title":{"rendered":"Photos du col de la Bonette"},"content":{"rendered":"<p>Une balade de trait\u00e9e : <a title=\"balade.starend.org 2014.10.02 Col de la Bonette\" href=\"http:\/\/balade.starend.org\/balade.php?balade=2014.10.02_Col_de_la_Bonette&amp;d=0&amp;a=2014&amp;c=tout\" target=\"_blank\">balade.starend.org 2014.10.02 Col de la Bonette<\/a><\/p>\n<p>Et les photos plus particuli\u00e8rement trait\u00e9es :<\/p>\n<p style=\"text-align: center;\"><a href=\"\/wp-content\/uploads\/stephane\/2014\/12\/img.1024x10247.jpg\"><img decoding=\"async\" loading=\"lazy\" alt=\"_img.1024x1024\" src=\"\/wp-content\/uploads\/stephane\/2014\/12\/img.1024x10247-450x149.jpg\" width=\"450\" height=\"149\" \/><\/a><br \/>\n<a title=\"2014.10.02img_4850co\" href=\"http:\/\/photo.starend.org\/photo.php?class=Montagne&amp;photo=2014.10.02img_4850co\" target=\"_blank\">2014.10.02img_4850co<\/a><\/p>\n<p style=\"text-align: center;\"><a href=\"\/wp-content\/uploads\/stephane\/2014\/12\/img.1024x1024.jpg\"><img decoding=\"async\" loading=\"lazy\" class=\"alignnone size-medium wp-image-1861\" alt=\"_img.1024x1024\" src=\"\/wp-content\/uploads\/stephane\/2014\/12\/img.1024x1024-450x225.jpg\" width=\"450\" height=\"225\" srcset=\"\/wp-content\/uploads\/stephane\/2014\/12\/img.1024x1024-450x225.jpg 450w, \/wp-content\/uploads\/stephane\/2014\/12\/img.1024x1024.jpg 1024w\" sizes=\"(max-width: 450px) 100vw, 450px\" \/><\/a><br \/>\n<a title=\"2014.10.02img_4852nb\" href=\"http:\/\/photo.starend.org\/photo.php?class=Montagne&amp;photo=2014.10.02img_4852nb\" target=\"_blank\">2014.10.02img_4852nb<\/a><\/p>\n<p style=\"text-align: center;\"><a href=\"\/wp-content\/uploads\/stephane\/2014\/12\/img.1024x10241.jpg\"><img decoding=\"async\" loading=\"lazy\" class=\"alignnone size-medium wp-image-1862\" alt=\"_img.1024x1024\" src=\"\/wp-content\/uploads\/stephane\/2014\/12\/img.1024x10241-450x450.jpg\" width=\"450\" height=\"450\" srcset=\"\/wp-content\/uploads\/stephane\/2014\/12\/img.1024x10241-450x450.jpg 450w, \/wp-content\/uploads\/stephane\/2014\/12\/img.1024x10241-150x150.jpg 150w, \/wp-content\/uploads\/stephane\/2014\/12\/img.1024x10241.jpg 1024w\" sizes=\"(max-width: 450px) 100vw, 450px\" \/><\/a><br \/>\n<a title=\"2014.10.02img_4856co\" href=\"http:\/\/photo.starend.org\/photo.php?class=Montagne&amp;photo=2014.10.02img_4856co\" target=\"_blank\">2014.10.02img_4856co<\/a><\/p>\n<p style=\"text-align: center;\"><a href=\"\/wp-content\/uploads\/stephane\/2014\/12\/img.1024x10242.jpg\"><img decoding=\"async\" loading=\"lazy\" class=\"alignnone size-medium wp-image-1863\" alt=\"_img.1024x1024\" src=\"\/wp-content\/uploads\/stephane\/2014\/12\/img.1024x10242-450x450.jpg\" width=\"450\" height=\"450\" srcset=\"\/wp-content\/uploads\/stephane\/2014\/12\/img.1024x10242-450x450.jpg 450w, \/wp-content\/uploads\/stephane\/2014\/12\/img.1024x10242-150x150.jpg 150w, \/wp-content\/uploads\/stephane\/2014\/12\/img.1024x10242.jpg 1024w\" sizes=\"(max-width: 450px) 100vw, 450px\" \/><\/a><br \/>\n<a title=\"2014.10.02img_4858co\" href=\"http:\/\/photo.starend.org\/photo.php?class=Montagne&amp;photo=2014.10.02img_4858co\" target=\"_blank\">2014.10.02img_4858co<\/a><\/p>\n<p style=\"text-align: center;\"><a href=\"\/wp-content\/uploads\/stephane\/2014\/12\/img.1024x10243.jpg\"><img decoding=\"async\" loading=\"lazy\" class=\"alignnone size-medium wp-image-1864\" alt=\"_img.1024x1024\" src=\"\/wp-content\/uploads\/stephane\/2014\/12\/img.1024x10243-450x225.jpg\" width=\"450\" height=\"225\" srcset=\"\/wp-content\/uploads\/stephane\/2014\/12\/img.1024x10243-450x225.jpg 450w, \/wp-content\/uploads\/stephane\/2014\/12\/img.1024x10243.jpg 1024w\" sizes=\"(max-width: 450px) 100vw, 450px\" \/><\/a><br \/>\n<a title=\"2014.10.02img_4860co\" href=\"http:\/\/photo.starend.org\/photo.php?class=Montagne&amp;photo=2014.10.02img_4860co\" target=\"_blank\">2014.10.02img_4860co<\/a><\/p>\n<p style=\"text-align: center;\"><a href=\"\/wp-content\/uploads\/stephane\/2014\/12\/img.1024x10244.jpg\"><img decoding=\"async\" loading=\"lazy\" class=\"alignnone size-medium wp-image-1865\" alt=\"_img.1024x1024\" src=\"\/wp-content\/uploads\/stephane\/2014\/12\/img.1024x10244-450x225.jpg\" width=\"450\" height=\"225\" srcset=\"\/wp-content\/uploads\/stephane\/2014\/12\/img.1024x10244-450x225.jpg 450w, \/wp-content\/uploads\/stephane\/2014\/12\/img.1024x10244.jpg 1024w\" sizes=\"(max-width: 450px) 100vw, 450px\" \/><\/a><br \/>\n<a title=\"2014.10.02img_4863co\" href=\"http:\/\/photo.starend.org\/photo.php?class=Montagne&amp;photo=2014.10.02img_4863co\" target=\"_blank\">2014.10.02img_4863co<\/a><\/p>\n<p style=\"text-align: center;\"><a href=\"\/wp-content\/uploads\/stephane\/2014\/12\/img.1024x10245.jpg\"><img decoding=\"async\" loading=\"lazy\" class=\"alignnone size-medium wp-image-1866\" alt=\"_img.1024x1024\" src=\"\/wp-content\/uploads\/stephane\/2014\/12\/img.1024x10245-450x450.jpg\" width=\"450\" height=\"450\" srcset=\"\/wp-content\/uploads\/stephane\/2014\/12\/img.1024x10245-450x450.jpg 450w, \/wp-content\/uploads\/stephane\/2014\/12\/img.1024x10245-150x150.jpg 150w, \/wp-content\/uploads\/stephane\/2014\/12\/img.1024x10245.jpg 1024w\" sizes=\"(max-width: 450px) 100vw, 450px\" \/><\/a><br \/>\n<a title=\"2014.10.02img_4865co\" href=\"http:\/\/photo.starend.org\/photo.php?class=Montagne&amp;photo=2014.10.02img_4865co\" target=\"_blank\">2014.10.02img_4865co<\/a><\/p>\n<p style=\"text-align: center;\"><a href=\"\/wp-content\/uploads\/stephane\/2014\/12\/img.1024x10246.jpg\"><img decoding=\"async\" loading=\"lazy\" class=\"alignnone size-medium wp-image-1867\" alt=\"_img.1024x1024\" src=\"\/wp-content\/uploads\/stephane\/2014\/12\/img.1024x10246-150x450.jpg\" width=\"150\" height=\"450\" srcset=\"\/wp-content\/uploads\/stephane\/2014\/12\/img.1024x10246-150x450.jpg 150w, \/wp-content\/uploads\/stephane\/2014\/12\/img.1024x10246.jpg 342w\" sizes=\"(max-width: 150px) 100vw, 150px\" \/><\/a><br \/>\n<a title=\"2014.10.02img_4866nb\" href=\"http:\/\/photo.starend.org\/photo.php?class=Montagne&amp;photo=2014.10.02img_4866nb\" target=\"_blank\">2014.10.02img_4866nb<\/a><\/p>\n<p style=\"text-align: center;\"><a href=\"\/wp-content\/uploads\/stephane\/2014\/11\/img.1024x10244.jpg\"><img decoding=\"async\" loading=\"lazy\" class=\"alignnone size-medium wp-image-1835\" alt=\"_img.1024x1024\" src=\"\/wp-content\/uploads\/stephane\/2014\/11\/img.1024x10244-450x149.jpg\" width=\"450\" height=\"149\" \/><\/a><br \/>\n<a title=\"2014.10.02img_4867co\" href=\"http:\/\/photo.starend.org\/photo.php?class=Montagne&amp;photo=2014.10.02img_4867co\" target=\"_blank\">2014.10.02img_4867co<\/a><\/p>\n","protected":false},"excerpt":{"rendered":"<p>Une balade de trait\u00e9e : balade.starend.org 2014.10.02 Col de la Bonette Et les photos plus particuli\u00e8rement trait\u00e9es : 2014.10.02img_4850co 2014.10.02img_4852nb 2014.10.02img_4856co 2014.10.02img_4858co 2014.10.02img_4860co 2014.10.02img_4863co 2014.10.02img_4865co 2014.10.02img_4866nb 2014.10.02img_4867co<\/p>\n","protected":false},"author":2,"featured_media":0,"comment_status":"open","ping_status":"open","sticky":false,"template":"","format":"standard","meta":[],"categories":[51,19],"tags":[],"_links":{"self":[{"href":"http:\/\/stephane.weblog.starend.org\/index.php?rest_route=\/wp\/v2\/posts\/1860"}],"collection":[{"href":"http:\/\/stephane.weblog.starend.org\/index.php?rest_route=\/wp\/v2\/posts"}],"about":[{"href":"http:\/\/stephane.weblog.starend.org\/index.php?rest_route=\/wp\/v2\/types\/post"}],"author":[{"embeddable":true,"href":"http:\/\/stephane.weblog.starend.org\/index.php?rest_route=\/wp\/v2\/users\/2"}],"replies":[{"embeddable":true,"href":"http:\/\/stephane.weblog.starend.org\/index.php?rest_route=%2Fwp%2Fv2%2Fcomments&post=1860"}],"version-history":[{"count":0,"href":"http:\/\/stephane.weblog.starend.org\/index.php?rest_route=\/wp\/v2\/posts\/1860\/revisions"}],"wp:attachment":[{"href":"http:\/\/stephane.weblog.starend.org\/index.php?rest_route=%2Fwp%2Fv2%2Fmedia&parent=1860"}],"wp:term":[{"taxonomy":"category","embeddable":true,"href":"http:\/\/stephane.weblog.starend.org\/index.php?rest_route=%2Fwp%2Fv2%2Fcategories&post=1860"},{"taxonomy":"post_tag","embeddable":true,"href":"http:\/\/stephane.weblog.starend.org\/index.php?rest_route=%2Fwp%2Fv2%2Ftags&post=1860"}],"curies":[{"name":"wp","href":"https:\/\/api.w.org\/{rel}","templated":true}]}}