{"id":1853,"date":"2014-12-25T11:05:26","date_gmt":"2014-12-25T09:05:26","guid":{"rendered":"http:\/\/stephane.weblog.starend.org\/?p=1853"},"modified":"2014-12-25T11:05:26","modified_gmt":"2014-12-25T09:05:26","slug":"intelligence-et-conscience","status":"publish","type":"post","link":"http:\/\/stephane.weblog.starend.org\/?p=1853","title":{"rendered":"Intelligence et conscience"},"content":{"rendered":"<p>L&rsquo;intelligence permet de fabriquer des outils, la conscience permet de les utiliser.<\/p>\n<p>L&rsquo;intelligence, c&rsquo;est la compr\u00e9hension des choses. La conscience, c&rsquo;est la compr\u00e9hension du tout.<\/p>\n<p>La douche du matin est comme un rituel de passage entre la nuit et le jour, entre les songes et l&rsquo;\u00e9veil. Dans ce bref passage, la conscience se r\u00e9tracte et l&rsquo;intelligence s&rsquo;\u00e9tend. Comme un r\u00eave, les id\u00e9es qui \u00e9mergent de ce passage doivent \u00eatre not\u00e9es si on ne veut pas les oublier dans la r\u00e9alit\u00e9 du monde. Voila, c&rsquo;est fait pour aujourd&rsquo;hui&#8230;<\/p>\n","protected":false},"excerpt":{"rendered":"<p>L&rsquo;intelligence permet de fabriquer des outils, la conscience permet de les utiliser. L&rsquo;intelligence, c&rsquo;est la compr\u00e9hension des choses. La conscience, c&rsquo;est la compr\u00e9hension du tout. La douche du matin est comme un rituel de passage entre la nuit et le jour, entre les songes et l&rsquo;\u00e9veil. Dans ce bref passage, la conscience se r\u00e9tracte et &hellip; <a href=\"http:\/\/stephane.weblog.starend.org\/?p=1853\" class=\"more-link\">Continuer la lecture de <span class=\"screen-reader-text\">Intelligence et conscience<\/span> <span class=\"meta-nav\">&rarr;<\/span><\/a><\/p>\n","protected":false},"author":2,"featured_media":0,"comment_status":"open","ping_status":"open","sticky":false,"template":"","format":"standard","meta":[],"categories":[28],"tags":[127,216],"_links":{"self":[{"href":"http:\/\/stephane.weblog.starend.org\/index.php?rest_route=\/wp\/v2\/posts\/1853"}],"collection":[{"href":"http:\/\/stephane.weblog.starend.org\/index.php?rest_route=\/wp\/v2\/posts"}],"about":[{"href":"http:\/\/stephane.weblog.starend.org\/index.php?rest_route=\/wp\/v2\/types\/post"}],"author":[{"embeddable":true,"href":"http:\/\/stephane.weblog.starend.org\/index.php?rest_route=\/wp\/v2\/users\/2"}],"replies":[{"embeddable":true,"href":"http:\/\/stephane.weblog.starend.org\/index.php?rest_route=%2Fwp%2Fv2%2Fcomments&post=1853"}],"version-history":[{"count":0,"href":"http:\/\/stephane.weblog.starend.org\/index.php?rest_route=\/wp\/v2\/posts\/1853\/revisions"}],"wp:attachment":[{"href":"http:\/\/stephane.weblog.starend.org\/index.php?rest_route=%2Fwp%2Fv2%2Fmedia&parent=1853"}],"wp:term":[{"taxonomy":"category","embeddable":true,"href":"http:\/\/stephane.weblog.starend.org\/index.php?rest_route=%2Fwp%2Fv2%2Fcategories&post=1853"},{"taxonomy":"post_tag","embeddable":true,"href":"http:\/\/stephane.weblog.starend.org\/index.php?rest_route=%2Fwp%2Fv2%2Ftags&post=1853"}],"curies":[{"name":"wp","href":"https:\/\/api.w.org\/{rel}","templated":true}]}}