{"id":184,"date":"2011-03-14T17:46:16","date_gmt":"2011-03-14T15:46:16","guid":{"rendered":"http:\/\/stephane.weblog.starend.org\/?p=184"},"modified":"2011-03-14T17:46:16","modified_gmt":"2011-03-14T15:46:16","slug":"11032011-bogota","status":"publish","type":"post","link":"http:\/\/stephane.weblog.starend.org\/?p=184","title":{"rendered":"11\/03\/2011 Bogota"},"content":{"rendered":"<p>Aujourd&rsquo;hui, on apprend la catastrophe au Japon.<br \/>\nTremblement de terre et tsunami :'(<br \/>\nUne pens\u00e9e pour tous ces gens qui perdent tout en un instant.<\/p>\n<p>Pour nous, on va en ville voir des copines de l&rsquo;universit\u00e9 de Diana.<br \/>\nForc\u00e9ment, entre architectes \u00e7a parle&#8230; d&rsquo;architecture&#8230; et des b\u00e2timents du campus de l&rsquo;Universit\u00e9 Nationale de Colombie (UN), dont certains datent des ann\u00e9es 30.<br \/>\nSurtout qu&rsquo;il y a un nouveau b\u00e2timent sur le campus. Il est bien fait d&rsquo;ailleurs.<br \/>\nOn va prendre un caf\u00e9 sur la terrasse tout en haut.<\/p>\n<p>On continu sur le campus dans un autre b\u00e2timent pour voir une expo et l&rsquo;architecture de ce b\u00e2timent.<br \/>\nIl a \u00e9t\u00e9 construit en 2000 par Rogelio SALMONA, un c\u00e9l\u00e8bre architecte Franco-Colombien mort en 2007.<\/p>\n<p>On visite ensuite l&rsquo;ancienne imprimerie, et nouveau mus\u00e9e de l&rsquo;architecture.<br \/>\nIl a \u00e9t\u00e9 construit dans les ann\u00e9es 40 par Leopoldo ROTHER.<\/p>\n<p>On termine sur le campus par la place du Ch\u00e9 GUEVARA, c&rsquo;est la place principale de r\u00e9union des \u00e9tudiants.<br \/>\nEn cette veille de week-end, il y a beaucoup de monde.<\/p>\n<p>Le soir, on mange en ville avant de rentrer par le Transmilenio.<!--more--><\/p>\n<p style=\"text-align: center;\"><a href=\"http:\/\/stephane.weblog.starend.org\/wp-uploads\/stephane\/2011\/03\/colombie_img3021.jpg\"><img decoding=\"async\" loading=\"lazy\" class=\"alignnone size-medium wp-image-185\" title=\"colombie_img3021\" src=\"http:\/\/stephane.weblog.starend.org\/wp-uploads\/stephane\/2011\/03\/colombie_img3021-300x199.jpg\" alt=\"\" width=\"300\" height=\"199\" \/><\/a><br \/>\nTrajet en ville via le Transmilenio.<\/p>\n<p style=\"text-align: center;\"><a href=\"http:\/\/stephane.weblog.starend.org\/wp-uploads\/stephane\/2011\/03\/colombie_img3032.jpg\"><img decoding=\"async\" loading=\"lazy\" class=\"alignnone size-medium wp-image-186\" title=\"colombie_img3032\" src=\"http:\/\/stephane.weblog.starend.org\/wp-uploads\/stephane\/2011\/03\/colombie_img3032-300x199.jpg\" alt=\"\" width=\"300\" height=\"199\" \/><\/a><br \/>\nL&rsquo;ancien b\u00e2timent d&rsquo;ing\u00e9nierie construit par Leopoldo ROTHER dans les ann\u00e9es 30.<\/p>\n<p style=\"text-align: center;\"><a href=\"http:\/\/stephane.weblog.starend.org\/wp-uploads\/stephane\/2011\/03\/colombie_img3036.jpg\"><img decoding=\"async\" loading=\"lazy\" class=\"alignnone size-medium wp-image-187\" title=\"colombie_img3036\" src=\"http:\/\/stephane.weblog.starend.org\/wp-uploads\/stephane\/2011\/03\/colombie_img3036-300x199.jpg\" alt=\"\" width=\"300\" height=\"199\" \/><\/a><br \/>\nLe nouveau b\u00e2timent du campus.<\/p>\n<p style=\"text-align: center;\"><a href=\"http:\/\/stephane.weblog.starend.org\/wp-uploads\/stephane\/2011\/03\/colombie_img3040.jpg\"><img decoding=\"async\" loading=\"lazy\" class=\"alignnone size-medium wp-image-189\" title=\"colombie_img3040\" src=\"http:\/\/stephane.weblog.starend.org\/wp-uploads\/stephane\/2011\/03\/colombie_img3040-199x300.jpg\" alt=\"\" width=\"199\" height=\"300\" \/><\/a><br \/>\nL&rsquo;int\u00e9rieur du nouveau b\u00e2timent.<\/p>\n<p style=\"text-align: center;\"><a href=\"http:\/\/stephane.weblog.starend.org\/wp-uploads\/stephane\/2011\/03\/colombie_img3044.jpg\"><img decoding=\"async\" loading=\"lazy\" class=\"alignnone size-medium wp-image-190\" title=\"colombie_img3044\" src=\"http:\/\/stephane.weblog.starend.org\/wp-uploads\/stephane\/2011\/03\/colombie_img3044-300x199.jpg\" alt=\"\" width=\"300\" height=\"199\" \/><\/a><br \/>\nVue sur la ville depuis la terrasse, avec un caf\u00e9 :-)<\/p>\n<p style=\"text-align: center;\"><a href=\"http:\/\/stephane.weblog.starend.org\/wp-uploads\/stephane\/2011\/03\/colombie_img3060.jpg\"><img decoding=\"async\" loading=\"lazy\" class=\"alignnone size-medium wp-image-191\" title=\"colombie_img3060\" src=\"http:\/\/stephane.weblog.starend.org\/wp-uploads\/stephane\/2011\/03\/colombie_img3060-199x300.jpg\" alt=\"\" width=\"199\" height=\"300\" \/><\/a><br \/>\nEntr\u00e9 du b\u00e2timent de formations en sciences humaines.<br \/>\nConstruit en 2000 par Rogelio SALMONA.<\/p>\n<p style=\"text-align: center;\"><a href=\"http:\/\/stephane.weblog.starend.org\/wp-uploads\/stephane\/2011\/03\/colombie_img3069.jpg\"><img decoding=\"async\" loading=\"lazy\" class=\"alignnone size-medium wp-image-192\" title=\"colombie_img3069\" src=\"http:\/\/stephane.weblog.starend.org\/wp-uploads\/stephane\/2011\/03\/colombie_img3069-300x199.jpg\" alt=\"\" width=\"300\" height=\"199\" \/><\/a><br \/>\nVue sur la cour ronde et du bassin (miroir d&rsquo;eau).<\/p>\n<p style=\"text-align: center;\"><a href=\"http:\/\/stephane.weblog.starend.org\/wp-uploads\/stephane\/2011\/03\/colombie_img3076hdr.jpg\"><img decoding=\"async\" loading=\"lazy\" class=\"alignnone size-medium wp-image-193\" title=\"colombie_img3076hdr\" src=\"http:\/\/stephane.weblog.starend.org\/wp-uploads\/stephane\/2011\/03\/colombie_img3076hdr-300x199.jpg\" alt=\"\" width=\"300\" height=\"199\" \/><\/a><br \/>\nCoucher de soleil sur la ville.<br \/>\n(traitement HDR)<\/p>\n<p style=\"text-align: center;\"><a href=\"http:\/\/stephane.weblog.starend.org\/wp-uploads\/stephane\/2011\/03\/colombie_img3084.jpg\"><img decoding=\"async\" loading=\"lazy\" class=\"alignnone size-medium wp-image-194\" title=\"colombie_img3084\" src=\"http:\/\/stephane.weblog.starend.org\/wp-uploads\/stephane\/2011\/03\/colombie_img3084-300x199.jpg\" alt=\"\" width=\"300\" height=\"199\" \/><\/a><br \/>\nB\u00e2timent de l&rsquo;ancienne imprimerie, aujourd&rsquo;hui mus\u00e9e de l&rsquo;architecture.<br \/>\nConstruit dans les ann\u00e9es 40 par Leopoldo ROTHER.<\/p>\n<p style=\"text-align: center;\"><a href=\"http:\/\/stephane.weblog.starend.org\/wp-uploads\/stephane\/2011\/03\/colombie_img3090.jpg\"><img decoding=\"async\" loading=\"lazy\" class=\"alignnone size-medium wp-image-195\" title=\"colombie_img3090\" src=\"http:\/\/stephane.weblog.starend.org\/wp-uploads\/stephane\/2011\/03\/colombie_img3090-300x199.jpg\" alt=\"\" width=\"300\" height=\"199\" \/><\/a><br \/>\nInt\u00e9rieur du b\u00e2timent avec son escalier\/rampe et son vigie (comme partout).<\/p>\n","protected":false},"excerpt":{"rendered":"<p>Aujourd&rsquo;hui, on apprend la catastrophe au Japon. Tremblement de terre et tsunami :'( Une pens\u00e9e pour tous ces gens qui perdent tout en un instant. Pour nous, on va en ville voir des copines de l&rsquo;universit\u00e9 de Diana. Forc\u00e9ment, entre architectes \u00e7a parle&#8230; d&rsquo;architecture&#8230; et des b\u00e2timents du campus de l&rsquo;Universit\u00e9 Nationale de Colombie (UN), &hellip; <a href=\"http:\/\/stephane.weblog.starend.org\/?p=184\" class=\"more-link\">Continuer la lecture de <span class=\"screen-reader-text\">11\/03\/2011 Bogota<\/span> <span class=\"meta-nav\">&rarr;<\/span><\/a><\/p>\n","protected":false},"author":2,"featured_media":0,"comment_status":"open","ping_status":"open","sticky":false,"template":"","format":"standard","meta":[],"categories":[40,28],"tags":[97],"_links":{"self":[{"href":"http:\/\/stephane.weblog.starend.org\/index.php?rest_route=\/wp\/v2\/posts\/184"}],"collection":[{"href":"http:\/\/stephane.weblog.starend.org\/index.php?rest_route=\/wp\/v2\/posts"}],"about":[{"href":"http:\/\/stephane.weblog.starend.org\/index.php?rest_route=\/wp\/v2\/types\/post"}],"author":[{"embeddable":true,"href":"http:\/\/stephane.weblog.starend.org\/index.php?rest_route=\/wp\/v2\/users\/2"}],"replies":[{"embeddable":true,"href":"http:\/\/stephane.weblog.starend.org\/index.php?rest_route=%2Fwp%2Fv2%2Fcomments&post=184"}],"version-history":[{"count":0,"href":"http:\/\/stephane.weblog.starend.org\/index.php?rest_route=\/wp\/v2\/posts\/184\/revisions"}],"wp:attachment":[{"href":"http:\/\/stephane.weblog.starend.org\/index.php?rest_route=%2Fwp%2Fv2%2Fmedia&parent=184"}],"wp:term":[{"taxonomy":"category","embeddable":true,"href":"http:\/\/stephane.weblog.starend.org\/index.php?rest_route=%2Fwp%2Fv2%2Fcategories&post=184"},{"taxonomy":"post_tag","embeddable":true,"href":"http:\/\/stephane.weblog.starend.org\/index.php?rest_route=%2Fwp%2Fv2%2Ftags&post=184"}],"curies":[{"name":"wp","href":"https:\/\/api.w.org\/{rel}","templated":true}]}}