{"id":1823,"date":"2014-11-11T12:32:24","date_gmt":"2014-11-11T10:32:24","guid":{"rendered":"http:\/\/stephane.weblog.starend.org\/?p=1823"},"modified":"2014-11-11T12:32:24","modified_gmt":"2014-11-11T10:32:24","slug":"neutralite-du-reseau-internet","status":"publish","type":"post","link":"http:\/\/stephane.weblog.starend.org\/?p=1823","title":{"rendered":"Neutralit\u00e9 du r\u00e9seau Internet"},"content":{"rendered":"<p style=\"text-align: justify;\">Oui Mr OBAMA, vous avez raison, c&rsquo;est du bon sens&#8230; mais la politique conna\u00eet peu ce principe en g\u00e9n\u00e9rale, malheureusement&#8230;<\/p>\n<p>CF :<br \/>\n&#8211; <a title=\"Pour Obama, Internet devrait \u00eatre class\u00e9 service d'utilit\u00e9 publique\" href=\"http:\/\/www.nextinpact.com\/news\/90863-pour-obama-internet-devrait-etre-classe-service-dutilite-publique.htm\" target=\"_blank\">www.nextinpact.com pour-obama-internet-devrait-etre-classe-service-dutilite-publique<\/a><br \/>\n&#8211; <a title=\"http:\/\/www.lemonde.fr\/ameriques\/article\/2014\/11\/10\/obama-demande-une-application-stricte-de-la-neutralite-du-net_4521384_3222.html\" href=\"http:\/\/www.lemonde.fr\/ameriques\/article\/2014\/11\/10\/obama-demande-une-application-stricte-de-la-neutralite-du-net_4521384_3222.html\" target=\"_blank\">www.lemonde.fr obama-demande-une-application-stricte-de-la-neutralite-du-net<\/a><br \/>\n&#8211; <a title=\"http:\/\/www.nytimes.com\/2014\/11\/11\/technology\/obama-net-neutrality-fcc.html?_r=0\" href=\"http:\/\/www.nytimes.com\/2014\/11\/11\/technology\/obama-net-neutrality-fcc.html?_r=0\" target=\"_blank\">www.nytimes.com obama-net-neutrality-fcc<\/a><br \/>\n&#8211; <a title=\"http:\/\/www.usatoday.com\/story\/news\/nation\/2014\/11\/10\/obama-internet-net-neutrality\/18793429\/\" href=\"http:\/\/www.usatoday.com\/story\/news\/nation\/2014\/11\/10\/obama-internet-net-neutrality\/18793429\/\" target=\"_blank\">www.usatoday.com obama-internet-net-neutrality<\/a><\/p>\n<p style=\"text-align: center;\"><a href=\"\/wp-content\/uploads\/stephane\/2014\/11\/14137_large_net_neutrality.png.jpeg\"><img decoding=\"async\" loading=\"lazy\" class=\"alignnone size-full wp-image-1826\" alt=\"14137_large_net_neutrality.png\" src=\"\/wp-content\/uploads\/stephane\/2014\/11\/14137_large_net_neutrality.png.jpeg\" width=\"450\" height=\"379\" \/><\/a><\/p>\n","protected":false},"excerpt":{"rendered":"<p>Oui Mr OBAMA, vous avez raison, c&rsquo;est du bon sens&#8230; mais la politique conna\u00eet peu ce principe en g\u00e9n\u00e9rale, malheureusement&#8230; CF : &#8211; www.nextinpact.com pour-obama-internet-devrait-etre-classe-service-dutilite-publique &#8211; www.lemonde.fr obama-demande-une-application-stricte-de-la-neutralite-du-net &#8211; www.nytimes.com obama-net-neutrality-fcc &#8211; www.usatoday.com obama-internet-net-neutrality<\/p>\n","protected":false},"author":2,"featured_media":0,"comment_status":"open","ping_status":"open","sticky":false,"template":"","format":"standard","meta":[],"categories":[2,10],"tags":[271],"_links":{"self":[{"href":"http:\/\/stephane.weblog.starend.org\/index.php?rest_route=\/wp\/v2\/posts\/1823"}],"collection":[{"href":"http:\/\/stephane.weblog.starend.org\/index.php?rest_route=\/wp\/v2\/posts"}],"about":[{"href":"http:\/\/stephane.weblog.starend.org\/index.php?rest_route=\/wp\/v2\/types\/post"}],"author":[{"embeddable":true,"href":"http:\/\/stephane.weblog.starend.org\/index.php?rest_route=\/wp\/v2\/users\/2"}],"replies":[{"embeddable":true,"href":"http:\/\/stephane.weblog.starend.org\/index.php?rest_route=%2Fwp%2Fv2%2Fcomments&post=1823"}],"version-history":[{"count":0,"href":"http:\/\/stephane.weblog.starend.org\/index.php?rest_route=\/wp\/v2\/posts\/1823\/revisions"}],"wp:attachment":[{"href":"http:\/\/stephane.weblog.starend.org\/index.php?rest_route=%2Fwp%2Fv2%2Fmedia&parent=1823"}],"wp:term":[{"taxonomy":"category","embeddable":true,"href":"http:\/\/stephane.weblog.starend.org\/index.php?rest_route=%2Fwp%2Fv2%2Fcategories&post=1823"},{"taxonomy":"post_tag","embeddable":true,"href":"http:\/\/stephane.weblog.starend.org\/index.php?rest_route=%2Fwp%2Fv2%2Ftags&post=1823"}],"curies":[{"name":"wp","href":"https:\/\/api.w.org\/{rel}","templated":true}]}}