{"id":1820,"date":"2014-11-10T23:48:35","date_gmt":"2014-11-10T21:48:35","guid":{"rendered":"http:\/\/stephane.weblog.starend.org\/?p=1820"},"modified":"2014-11-10T23:48:35","modified_gmt":"2014-11-10T21:48:35","slug":"le-sel-de-la-terre","status":"publish","type":"post","link":"http:\/\/stephane.weblog.starend.org\/?p=1820","title":{"rendered":"Le sel de la terre"},"content":{"rendered":"<p style=\"text-align: justify;\">On a vu hier soir au cin\u00e9ma\u00c2\u00a0<a title=\"Le sel de la terre\" href=\"http:\/\/www.le-pacte.com\/france\/news\/detail\/le-sel-de-la-terre-aujourd-hui-au-cinema\/\" target=\"_blank\">Le sel de la terre<\/a>. Ce film sur le photographe <em>Sebasti\u00e3o Salgado<\/em> est extraordinaire et bouleversant. Au travers de ses photographies transpara\u00eet la cruaut\u00e9 des hommes puis la beaut\u00e9 du monde&#8230;<\/p>\n<p style=\"text-align: center;\"><a href=\"\/wp-content\/uploads\/stephane\/2014\/11\/le-sel-de-la-terre-02657bdf43.jpg\"><img decoding=\"async\" loading=\"lazy\" class=\"alignnone size-full wp-image-1821\" alt=\"le sel de la terre 02657bdf43\" src=\"\/wp-content\/uploads\/stephane\/2014\/11\/le-sel-de-la-terre-02657bdf43.jpg\" width=\"301\" height=\"402\" \/><\/a><\/p>\n<p style=\"text-align: justify;\">CF : <a title=\"http:\/\/www.le-pacte.com\/france\/accueil\/\" href=\"http:\/\/www.le-pacte.com\/france\/accueil\/\" target=\"_blank\">http:\/\/www.le-pacte.com\/france\/accueil\/<\/a><\/p>\n","protected":false},"excerpt":{"rendered":"<p>On a vu hier soir au cin\u00e9ma\u00c2\u00a0Le sel de la terre. Ce film sur le photographe Sebasti\u00e3o Salgado est extraordinaire et bouleversant. Au travers de ses photographies transpara\u00eet la cruaut\u00e9 des hommes puis la beaut\u00e9 du monde&#8230; CF : http:\/\/www.le-pacte.com\/france\/accueil\/<\/p>\n","protected":false},"author":2,"featured_media":0,"comment_status":"open","ping_status":"open","sticky":false,"template":"","format":"standard","meta":[],"categories":[2,6],"tags":[],"_links":{"self":[{"href":"http:\/\/stephane.weblog.starend.org\/index.php?rest_route=\/wp\/v2\/posts\/1820"}],"collection":[{"href":"http:\/\/stephane.weblog.starend.org\/index.php?rest_route=\/wp\/v2\/posts"}],"about":[{"href":"http:\/\/stephane.weblog.starend.org\/index.php?rest_route=\/wp\/v2\/types\/post"}],"author":[{"embeddable":true,"href":"http:\/\/stephane.weblog.starend.org\/index.php?rest_route=\/wp\/v2\/users\/2"}],"replies":[{"embeddable":true,"href":"http:\/\/stephane.weblog.starend.org\/index.php?rest_route=%2Fwp%2Fv2%2Fcomments&post=1820"}],"version-history":[{"count":0,"href":"http:\/\/stephane.weblog.starend.org\/index.php?rest_route=\/wp\/v2\/posts\/1820\/revisions"}],"wp:attachment":[{"href":"http:\/\/stephane.weblog.starend.org\/index.php?rest_route=%2Fwp%2Fv2%2Fmedia&parent=1820"}],"wp:term":[{"taxonomy":"category","embeddable":true,"href":"http:\/\/stephane.weblog.starend.org\/index.php?rest_route=%2Fwp%2Fv2%2Fcategories&post=1820"},{"taxonomy":"post_tag","embeddable":true,"href":"http:\/\/stephane.weblog.starend.org\/index.php?rest_route=%2Fwp%2Fv2%2Ftags&post=1820"}],"curies":[{"name":"wp","href":"https:\/\/api.w.org\/{rel}","templated":true}]}}