{"id":1815,"date":"2014-11-09T12:07:12","date_gmt":"2014-11-09T10:07:12","guid":{"rendered":"http:\/\/stephane.weblog.starend.org\/?p=1815"},"modified":"2014-11-09T12:07:12","modified_gmt":"2014-11-09T10:07:12","slug":"communication-sur-les-reseaux-sociaux","status":"publish","type":"post","link":"http:\/\/stephane.weblog.starend.org\/?p=1815","title":{"rendered":"Communication sur les r\u00e9seaux sociaux"},"content":{"rendered":"<p style=\"text-align: justify;\">Voici une image regroupant toutes les dimensions des images sur les r\u00e9seaux sociaux afin de les dimensionner au mieux, de <a title=\"Isabelle MATHIEU\" href=\"http:\/\/www.isabelle-mathieu.com\/\" target=\"_blank\">Isabelle MATHIEU<\/a> sur <a title=\"emarketinglicious.fr\" href=\"http:\/\/www.emarketinglicious.fr\/social-media\/guide-ultime-dimensions-medias-sociaux-2014-infographie\" target=\"_blank\">emarketinglicious.fr<\/a> :<\/p>\n<p style=\"text-align: center;\"><a href=\"\/wp-content\/uploads\/stephane\/2014\/11\/guide-dimensions-medias-sociaux-2014-infographie-e1402632814750.jpg\"><img decoding=\"async\" loading=\"lazy\" class=\"alignnone size-large wp-image-1816\" alt=\"guide-dimensions-medias-sociaux-2014-infographie-e1402632814750\" src=\"\/wp-content\/uploads\/stephane\/2014\/11\/guide-dimensions-medias-sociaux-2014-infographie-e1402632814750-88x1024.jpg\" width=\"88\" height=\"1024\" \/><\/a><\/p>\n<p style=\"text-align: justify;\">Cliquer sur l&rsquo;image pour voir le d\u00e9tail.<br \/>\nSi le site web de l&rsquo;article s&rsquo;affiche bien sans faire couiner Noscript, il est assez dommage d&rsquo;\u00eatre agress\u00e9 toutes les 30 secondes par une pub en plein milieu de la page. Sur ce point, on retrouve les travers classiques des publicitaires &lsquo;\u00e0 tout prix&rsquo; qui jouent sur la corde raide avec les internautes au point de risquer de les faire fuir&#8230;<\/p>\n<p style=\"text-align: justify;\">Et une autre image sur la fa\u00e7on de r\u00e9diger l&rsquo;article parfais (perfect post) sur les r\u00e9seaux sociaux, encore, en anglais, de <a title=\"mycleveragency\" href=\"http:\/\/www.mycleveragency.com\/\" target=\"_blank\">mycleveragency<\/a> :<\/p>\n<p style=\"text-align: center;\"><a href=\"\/wp-content\/uploads\/stephane\/2014\/11\/perfect-social-media-posts.png\"><img decoding=\"async\" loading=\"lazy\" class=\"alignnone size-large wp-image-1817\" alt=\"perfect-social-media-posts\" src=\"\/wp-content\/uploads\/stephane\/2014\/11\/perfect-social-media-posts-82x1024.png\" width=\"82\" height=\"1024\" \/><\/a><\/p>\n<p style=\"text-align: justify;\">Cliquer sur l&rsquo;image pour voir le d\u00e9tail.<\/p>\n","protected":false},"excerpt":{"rendered":"<p>Voici une image regroupant toutes les dimensions des images sur les r\u00e9seaux sociaux afin de les dimensionner au mieux, de Isabelle MATHIEU sur emarketinglicious.fr : Cliquer sur l&rsquo;image pour voir le d\u00e9tail. Si le site web de l&rsquo;article s&rsquo;affiche bien sans faire couiner Noscript, il est assez dommage d&rsquo;\u00eatre agress\u00e9 toutes les 30 secondes par &hellip; <a href=\"http:\/\/stephane.weblog.starend.org\/?p=1815\" class=\"more-link\">Continuer la lecture de <span class=\"screen-reader-text\">Communication sur les r\u00e9seaux sociaux<\/span> <span class=\"meta-nav\">&rarr;<\/span><\/a><\/p>\n","protected":false},"author":2,"featured_media":0,"comment_status":"open","ping_status":"open","sticky":false,"template":"","format":"standard","meta":[],"categories":[10],"tags":[],"_links":{"self":[{"href":"http:\/\/stephane.weblog.starend.org\/index.php?rest_route=\/wp\/v2\/posts\/1815"}],"collection":[{"href":"http:\/\/stephane.weblog.starend.org\/index.php?rest_route=\/wp\/v2\/posts"}],"about":[{"href":"http:\/\/stephane.weblog.starend.org\/index.php?rest_route=\/wp\/v2\/types\/post"}],"author":[{"embeddable":true,"href":"http:\/\/stephane.weblog.starend.org\/index.php?rest_route=\/wp\/v2\/users\/2"}],"replies":[{"embeddable":true,"href":"http:\/\/stephane.weblog.starend.org\/index.php?rest_route=%2Fwp%2Fv2%2Fcomments&post=1815"}],"version-history":[{"count":0,"href":"http:\/\/stephane.weblog.starend.org\/index.php?rest_route=\/wp\/v2\/posts\/1815\/revisions"}],"wp:attachment":[{"href":"http:\/\/stephane.weblog.starend.org\/index.php?rest_route=%2Fwp%2Fv2%2Fmedia&parent=1815"}],"wp:term":[{"taxonomy":"category","embeddable":true,"href":"http:\/\/stephane.weblog.starend.org\/index.php?rest_route=%2Fwp%2Fv2%2Fcategories&post=1815"},{"taxonomy":"post_tag","embeddable":true,"href":"http:\/\/stephane.weblog.starend.org\/index.php?rest_route=%2Fwp%2Fv2%2Ftags&post=1815"}],"curies":[{"name":"wp","href":"https:\/\/api.w.org\/{rel}","templated":true}]}}