{"id":1812,"date":"2014-11-04T22:37:01","date_gmt":"2014-11-04T20:37:01","guid":{"rendered":"http:\/\/stephane.weblog.starend.org\/?p=1812"},"modified":"2014-11-04T22:37:01","modified_gmt":"2014-11-04T20:37:01","slug":"medaille","status":"publish","type":"post","link":"http:\/\/stephane.weblog.starend.org\/?p=1812","title":{"rendered":"M\u00e9daill\u00e9"},"content":{"rendered":"<p style=\"text-align: justify;\">J&rsquo;ai re\u00e7u ce soir, avec Dominique VIAL, la m\u00e9daille bronze de la <a title=\"Croix-Rouge fran\u00e7aise\" href=\"http:\/\/www.croix-rouge.fr\/\" target=\"_blank\">Croix-Rouge fran\u00e7aise<\/a> pour &lsquo;service rendu&rsquo;. Elle nous a \u00e9t\u00e9 remise au cours du vernissage de l&rsquo;exposition par le pr\u00e9sident de la CRF !<\/p>\n<p style=\"text-align: center;\"><a href=\"\/wp-content\/uploads\/stephane\/2014\/11\/10710465_787038888009488_724326097163153432_o.jpg\"><img decoding=\"async\" loading=\"lazy\" class=\"alignnone size-medium wp-image-1813\" alt=\"10710465_787038888009488_724326097163153432_o\" src=\"\/wp-content\/uploads\/stephane\/2014\/11\/10710465_787038888009488_724326097163153432_o-450x450.jpg\" width=\"450\" height=\"450\" srcset=\"\/wp-content\/uploads\/stephane\/2014\/11\/10710465_787038888009488_724326097163153432_o-450x450.jpg 450w, \/wp-content\/uploads\/stephane\/2014\/11\/10710465_787038888009488_724326097163153432_o-150x150.jpg 150w, \/wp-content\/uploads\/stephane\/2014\/11\/10710465_787038888009488_724326097163153432_o.jpg 1024w\" sizes=\"(max-width: 450px) 100vw, 450px\" \/><\/a><\/p>\n","protected":false},"excerpt":{"rendered":"<p>J&rsquo;ai re\u00e7u ce soir, avec Dominique VIAL, la m\u00e9daille bronze de la Croix-Rouge fran\u00e7aise pour &lsquo;service rendu&rsquo;. Elle nous a \u00e9t\u00e9 remise au cours du vernissage de l&rsquo;exposition par le pr\u00e9sident de la CRF !<\/p>\n","protected":false},"author":2,"featured_media":0,"comment_status":"open","ping_status":"open","sticky":false,"template":"","format":"standard","meta":[],"categories":[2,8],"tags":[],"_links":{"self":[{"href":"http:\/\/stephane.weblog.starend.org\/index.php?rest_route=\/wp\/v2\/posts\/1812"}],"collection":[{"href":"http:\/\/stephane.weblog.starend.org\/index.php?rest_route=\/wp\/v2\/posts"}],"about":[{"href":"http:\/\/stephane.weblog.starend.org\/index.php?rest_route=\/wp\/v2\/types\/post"}],"author":[{"embeddable":true,"href":"http:\/\/stephane.weblog.starend.org\/index.php?rest_route=\/wp\/v2\/users\/2"}],"replies":[{"embeddable":true,"href":"http:\/\/stephane.weblog.starend.org\/index.php?rest_route=%2Fwp%2Fv2%2Fcomments&post=1812"}],"version-history":[{"count":0,"href":"http:\/\/stephane.weblog.starend.org\/index.php?rest_route=\/wp\/v2\/posts\/1812\/revisions"}],"wp:attachment":[{"href":"http:\/\/stephane.weblog.starend.org\/index.php?rest_route=%2Fwp%2Fv2%2Fmedia&parent=1812"}],"wp:term":[{"taxonomy":"category","embeddable":true,"href":"http:\/\/stephane.weblog.starend.org\/index.php?rest_route=%2Fwp%2Fv2%2Fcategories&post=1812"},{"taxonomy":"post_tag","embeddable":true,"href":"http:\/\/stephane.weblog.starend.org\/index.php?rest_route=%2Fwp%2Fv2%2Ftags&post=1812"}],"curies":[{"name":"wp","href":"https:\/\/api.w.org\/{rel}","templated":true}]}}