{"id":1693,"date":"2014-08-02T23:39:54","date_gmt":"2014-08-02T21:39:54","guid":{"rendered":"http:\/\/stephane.weblog.starend.org\/?p=1693"},"modified":"2014-08-02T23:39:54","modified_gmt":"2014-08-02T21:39:54","slug":"paris-bogota-en-vol-direct","status":"publish","type":"post","link":"http:\/\/stephane.weblog.starend.org\/?p=1693","title":{"rendered":"Paris &#8211; Bogot\u00e1 en vol direct"},"content":{"rendered":"<p>On est arriv\u00e9 \u00e0 Bogot\u00e1 hier apr\u00e8s 11h de vol. Pour une fois, c&rsquo;\u00e9tait un vol direct. \u00c7a para\u00eet moins long&#8230;<\/p>\n<p style=\"text-align: center;\"><a href=\"\/wp-content\/uploads\/stephane\/2014\/08\/IMG_20140802_103322.jpg\"><img decoding=\"async\" loading=\"lazy\" class=\"alignnone size-medium wp-image-1697\" alt=\"IMG_20140802_103322\" src=\"\/wp-content\/uploads\/stephane\/2014\/08\/IMG_20140802_103322-450x337.jpg\" width=\"450\" height=\"337\" \/><\/a><br \/>\nPr\u00eat \u00e0 embarquer.<\/p>\n<p>La p\u00e9riode pr\u00e9c\u00e9dant le d\u00e9part a \u00e9t\u00e9 tellement mouvement\u00e9e, tant au taf que dans les pr\u00e9paratifs, je n&rsquo;ai pas encore r\u00e9alis\u00e9 que je suis enfin en vacances !<\/p>\n<p style=\"text-align: center;\"><a href=\"\/wp-content\/uploads\/stephane\/2014\/08\/IMG_20140802_221803.jpg\"><img decoding=\"async\" loading=\"lazy\" class=\"alignnone size-medium wp-image-1698\" alt=\"IMG_20140802_221803\" src=\"\/wp-content\/uploads\/stephane\/2014\/08\/IMG_20140802_221803-450x337.jpg\" width=\"450\" height=\"337\" \/><\/a><br \/>\nPos\u00e9 !<\/p>\n<p style=\"text-align: center;\"><a href=\"\/wp-content\/uploads\/stephane\/2014\/08\/IMG_20140802_223250.jpg\"><img decoding=\"async\" loading=\"lazy\" class=\"alignnone size-medium wp-image-1699\" alt=\"IMG_20140802_223250\" src=\"\/wp-content\/uploads\/stephane\/2014\/08\/IMG_20140802_223250-450x337.jpg\" width=\"450\" height=\"337\" \/><\/a><br \/>\nA Bogot\u00e1 :-)<\/p>\n<p>Comme toujours, on est tr\u00e8s bien accueilli. Mais on doit avoir l&rsquo;air compl\u00e8tement \u00e9puis\u00e9s&#8230;<\/p>\n<p style=\"text-align: center;\"><a href=\"\/wp-content\/uploads\/stephane\/2014\/08\/IMG_20140802_231231.jpg\"><img decoding=\"async\" loading=\"lazy\" class=\"alignnone size-medium wp-image-1700\" alt=\"IMG_20140802_231231\" src=\"\/wp-content\/uploads\/stephane\/2014\/08\/IMG_20140802_231231-450x337.jpg\" width=\"450\" height=\"337\" \/><\/a><br \/>\nDiana et Melissa.<\/p>\n","protected":false},"excerpt":{"rendered":"<p>On est arriv\u00e9 \u00e0 Bogot\u00e1 hier apr\u00e8s 11h de vol. Pour une fois, c&rsquo;\u00e9tait un vol direct. \u00c7a para\u00eet moins long&#8230; Pr\u00eat \u00e0 embarquer. La p\u00e9riode pr\u00e9c\u00e9dant le d\u00e9part a \u00e9t\u00e9 tellement mouvement\u00e9e, tant au taf que dans les pr\u00e9paratifs, je n&rsquo;ai pas encore r\u00e9alis\u00e9 que je suis enfin en vacances ! Pos\u00e9 ! A &hellip; <a href=\"http:\/\/stephane.weblog.starend.org\/?p=1693\" class=\"more-link\">Continuer la lecture de <span class=\"screen-reader-text\">Paris &#8211; Bogot\u00e1 en vol direct<\/span> <span class=\"meta-nav\">&rarr;<\/span><\/a><\/p>\n","protected":false},"author":2,"featured_media":0,"comment_status":"open","ping_status":"open","sticky":false,"template":"","format":"standard","meta":[],"categories":[40,28],"tags":[],"_links":{"self":[{"href":"http:\/\/stephane.weblog.starend.org\/index.php?rest_route=\/wp\/v2\/posts\/1693"}],"collection":[{"href":"http:\/\/stephane.weblog.starend.org\/index.php?rest_route=\/wp\/v2\/posts"}],"about":[{"href":"http:\/\/stephane.weblog.starend.org\/index.php?rest_route=\/wp\/v2\/types\/post"}],"author":[{"embeddable":true,"href":"http:\/\/stephane.weblog.starend.org\/index.php?rest_route=\/wp\/v2\/users\/2"}],"replies":[{"embeddable":true,"href":"http:\/\/stephane.weblog.starend.org\/index.php?rest_route=%2Fwp%2Fv2%2Fcomments&post=1693"}],"version-history":[{"count":0,"href":"http:\/\/stephane.weblog.starend.org\/index.php?rest_route=\/wp\/v2\/posts\/1693\/revisions"}],"wp:attachment":[{"href":"http:\/\/stephane.weblog.starend.org\/index.php?rest_route=%2Fwp%2Fv2%2Fmedia&parent=1693"}],"wp:term":[{"taxonomy":"category","embeddable":true,"href":"http:\/\/stephane.weblog.starend.org\/index.php?rest_route=%2Fwp%2Fv2%2Fcategories&post=1693"},{"taxonomy":"post_tag","embeddable":true,"href":"http:\/\/stephane.weblog.starend.org\/index.php?rest_route=%2Fwp%2Fv2%2Ftags&post=1693"}],"curies":[{"name":"wp","href":"https:\/\/api.w.org\/{rel}","templated":true}]}}