{"id":166,"date":"2011-03-14T16:44:48","date_gmt":"2011-03-14T14:44:48","guid":{"rendered":"http:\/\/stephane.weblog.starend.org\/?p=166"},"modified":"2011-03-14T16:44:48","modified_gmt":"2011-03-14T14:44:48","slug":"09032011-au-dessus-de-villapinzon","status":"publish","type":"post","link":"http:\/\/stephane.weblog.starend.org\/?p=166","title":{"rendered":"09\/03\/2011 Au dessus de Villapinzon"},"content":{"rendered":"<p>Le temps est un peu ensoleill\u00e9 ce matin et pluvieux cet apr\u00e8s-midi.<\/p>\n<p>Le p\u00e8re de Diana nous emm\u00e8ne sur un des sommets autour de la ville.<br \/>\nCe sont des chemins de terre, le Landrover n&rsquo;est pas de trop.<br \/>\nBref, la montagne quoi :-)<\/p>\n<p>En redescendant, on a pris la pluie.<br \/>\nEt on a aussi pris en stop un \u00e9tudiant qui descendait \u00e0 la ville.<\/p>\n<p>Vu le mauvais temps, j&rsquo;ai fait un traitement HDR sur 3 photos pour retrouver des d\u00e9tails.<br \/>\nEt aussi, le panoramique avec deux photos HDR, \u00e7a marche ;-)<!--more--><\/p>\n<p style=\"text-align: center;\"><a href=\"http:\/\/stephane.weblog.starend.org\/wp-uploads\/stephane\/2011\/03\/colombie_img2943.jpg\"><img decoding=\"async\" loading=\"lazy\" class=\"alignnone size-medium wp-image-167\" title=\"colombie_img2943\" src=\"http:\/\/stephane.weblog.starend.org\/wp-uploads\/stephane\/2011\/03\/colombie_img2943-300x199.jpg\" alt=\"\" width=\"300\" height=\"199\" \/><\/a><br \/>\nLe centre de Villapinzon.<\/p>\n<p style=\"text-align: center;\"><a href=\"http:\/\/stephane.weblog.starend.org\/wp-uploads\/stephane\/2011\/03\/colombie_img2944.jpg\"><img decoding=\"async\" loading=\"lazy\" class=\"alignnone size-medium wp-image-168\" title=\"colombie_img2944\" src=\"http:\/\/stephane.weblog.starend.org\/wp-uploads\/stephane\/2011\/03\/colombie_img2944-300x199.jpg\" alt=\"\" width=\"300\" height=\"199\" \/><\/a><br \/>\nL&rsquo;\u00e9glise.<\/p>\n<p style=\"text-align: center;\"><a href=\"http:\/\/stephane.weblog.starend.org\/wp-uploads\/stephane\/2011\/03\/colombie_img2946.jpg\"><img decoding=\"async\" loading=\"lazy\" class=\"alignnone size-medium wp-image-169\" title=\"colombie_img2946\" src=\"http:\/\/stephane.weblog.starend.org\/wp-uploads\/stephane\/2011\/03\/colombie_img2946-300x199.jpg\" alt=\"\" width=\"300\" height=\"199\" \/><\/a><br \/>\nLe long de la voie ferr\u00e9e.<\/p>\n<p style=\"text-align: center;\"><a href=\"http:\/\/stephane.weblog.starend.org\/wp-uploads\/stephane\/2011\/03\/colombie_img2948.jpg\"><img decoding=\"async\" loading=\"lazy\" class=\"alignnone size-medium wp-image-170\" title=\"colombie_img2948\" src=\"http:\/\/stephane.weblog.starend.org\/wp-uploads\/stephane\/2011\/03\/colombie_img2948-199x300.jpg\" alt=\"\" width=\"199\" height=\"300\" \/><\/a><br \/>\nLe march\u00e9 couvert (au premier plan).<br \/>\nLe temps est encore \u00e0 peu pr\u00e8s ensoleill\u00e9.<\/p>\n<p style=\"text-align: center;\"><a href=\"http:\/\/stephane.weblog.starend.org\/wp-uploads\/stephane\/2011\/03\/colombie_img2955hdr.jpg\"><img decoding=\"async\" loading=\"lazy\" class=\"alignnone size-medium wp-image-171\" title=\"colombie_img2955hdr\" src=\"http:\/\/stephane.weblog.starend.org\/wp-uploads\/stephane\/2011\/03\/colombie_img2955hdr-300x199.jpg\" alt=\"\" width=\"300\" height=\"199\" \/><\/a><br \/>\nVue sur un petit sommet au sud de la ville.<br \/>\n(traitement HDR)<\/p>\n<p style=\"text-align: center;\"><a href=\"http:\/\/stephane.weblog.starend.org\/wp-uploads\/stephane\/2011\/03\/colombie_img2967panohdr.jpg\"><img decoding=\"async\" loading=\"lazy\" class=\"alignnone size-medium wp-image-172\" title=\"colombie_img2967panohdr\" src=\"http:\/\/stephane.weblog.starend.org\/wp-uploads\/stephane\/2011\/03\/colombie_img2967panohdr-300x133.jpg\" alt=\"\" width=\"300\" height=\"133\" \/><\/a><br \/>\nPanoramique sur les montagnes \u00e0 l&rsquo;est de Villapinzon. Il pleut au fond.<br \/>\nOn est cette fois sur un sommet \u00e0 plus de 3000m avec les antennes TV.<br \/>\n(traitement HDR + panoramique 160\u00c2\u00b0)<\/p>\n<p style=\"text-align: center;\"><a href=\"http:\/\/stephane.weblog.starend.org\/wp-uploads\/stephane\/2011\/03\/colombie_img2981hdr.jpg\"><img decoding=\"async\" loading=\"lazy\" class=\"alignnone size-medium wp-image-173\" title=\"colombie_img2981hdr\" src=\"http:\/\/stephane.weblog.starend.org\/wp-uploads\/stephane\/2011\/03\/colombie_img2981hdr-300x199.jpg\" alt=\"\" width=\"300\" height=\"199\" \/><\/a><br \/>\nVue sur Villapinzon, tout petit au centre.<br \/>\n(traitement HDR)<\/p>\n<p style=\"text-align: center;\"><a href=\"http:\/\/stephane.weblog.starend.org\/wp-uploads\/stephane\/2011\/03\/colombie_img2984hdr.jpg\"><img decoding=\"async\" loading=\"lazy\" class=\"alignnone size-medium wp-image-174\" title=\"colombie_img2984hdr\" src=\"http:\/\/stephane.weblog.starend.org\/wp-uploads\/stephane\/2011\/03\/colombie_img2984hdr-300x199.jpg\" alt=\"\" width=\"300\" height=\"199\" \/><\/a><br \/>\nLes montagnes \u00e0 l&rsquo;est de Villapinzon.<br \/>\nOn voit les champs qui se fondent progressivement avec la v\u00e9g\u00e9tation dense des montagnes.<br \/>\n(traitement HDR)<\/p>\n<p style=\"text-align: center;\"><a href=\"http:\/\/stephane.weblog.starend.org\/wp-uploads\/stephane\/2011\/03\/colombie_img2987hdr.jpg\"><img decoding=\"async\" loading=\"lazy\" class=\"alignnone size-medium wp-image-175\" title=\"colombie_img2987hdr\" src=\"http:\/\/stephane.weblog.starend.org\/wp-uploads\/stephane\/2011\/03\/colombie_img2987hdr-300x199.jpg\" alt=\"\" width=\"300\" height=\"199\" \/><\/a><br \/>\nVue sur la partie nord de Villapinzon.<br \/>\n(traitement HDR)<\/p>\n","protected":false},"excerpt":{"rendered":"<p>Le temps est un peu ensoleill\u00e9 ce matin et pluvieux cet apr\u00e8s-midi. Le p\u00e8re de Diana nous emm\u00e8ne sur un des sommets autour de la ville. Ce sont des chemins de terre, le Landrover n&rsquo;est pas de trop. Bref, la montagne quoi :-) En redescendant, on a pris la pluie. Et on a aussi pris &hellip; <a href=\"http:\/\/stephane.weblog.starend.org\/?p=166\" class=\"more-link\">Continuer la lecture de <span class=\"screen-reader-text\">09\/03\/2011 Au dessus de Villapinzon<\/span> <span class=\"meta-nav\">&rarr;<\/span><\/a><\/p>\n","protected":false},"author":2,"featured_media":0,"comment_status":"open","ping_status":"open","sticky":false,"template":"","format":"standard","meta":[],"categories":[40,28],"tags":[407],"_links":{"self":[{"href":"http:\/\/stephane.weblog.starend.org\/index.php?rest_route=\/wp\/v2\/posts\/166"}],"collection":[{"href":"http:\/\/stephane.weblog.starend.org\/index.php?rest_route=\/wp\/v2\/posts"}],"about":[{"href":"http:\/\/stephane.weblog.starend.org\/index.php?rest_route=\/wp\/v2\/types\/post"}],"author":[{"embeddable":true,"href":"http:\/\/stephane.weblog.starend.org\/index.php?rest_route=\/wp\/v2\/users\/2"}],"replies":[{"embeddable":true,"href":"http:\/\/stephane.weblog.starend.org\/index.php?rest_route=%2Fwp%2Fv2%2Fcomments&post=166"}],"version-history":[{"count":0,"href":"http:\/\/stephane.weblog.starend.org\/index.php?rest_route=\/wp\/v2\/posts\/166\/revisions"}],"wp:attachment":[{"href":"http:\/\/stephane.weblog.starend.org\/index.php?rest_route=%2Fwp%2Fv2%2Fmedia&parent=166"}],"wp:term":[{"taxonomy":"category","embeddable":true,"href":"http:\/\/stephane.weblog.starend.org\/index.php?rest_route=%2Fwp%2Fv2%2Fcategories&post=166"},{"taxonomy":"post_tag","embeddable":true,"href":"http:\/\/stephane.weblog.starend.org\/index.php?rest_route=%2Fwp%2Fv2%2Ftags&post=166"}],"curies":[{"name":"wp","href":"https:\/\/api.w.org\/{rel}","templated":true}]}}