{"id":1653,"date":"2014-06-22T13:25:17","date_gmt":"2014-06-22T11:25:17","guid":{"rendered":"http:\/\/stephane.weblog.starend.org\/?p=1653"},"modified":"2016-09-08T21:04:18","modified_gmt":"2016-09-08T19:04:18","slug":"pantone-485-croix-rouge-francaise","status":"publish","type":"post","link":"http:\/\/stephane.weblog.starend.org\/?p=1653","title":{"rendered":"Pantone 485 croix-rouge fran\u00e7aise"},"content":{"rendered":"<p style=\"text-align: justify;\">Je recherche par divers moyens le rouge officiel \u00e0 utiliser pour le logo de la <a title=\"croix-rouge fran\u00e7aise\" href=\"http:\/\/www.croix-rouge.fr\/\" target=\"_blank\">croix-rouge fran\u00e7aise<\/a> (<em>CRF<\/em>). Officiellement c&rsquo;est la couleur <em>Pantone 485<\/em>. Je commence par une rapide recherche sur Internet puis je compare avec un fascicule de la charte graphique de juin 2007.<\/p>\n<p style=\"text-align: justify;\">Vous avez d\u00e9j\u00e0 vu un syst\u00e8me dit de r\u00e9f\u00e9rence qui est variable dans sa repr\u00e9sentation et dans ses r\u00e9f\u00e9rences ?<br \/>\nEn informatique, on a bien des pr\u00e9tendus standards ou standards de fait, mais ce qui est normalis\u00e9 ne peut se permettre autant de latitude, sauf erreur&#8230;<br \/>\nEt bien ce syst\u00e8me de r\u00e9f\u00e9rence \u00ab\u00a0universel\u00a0\u00bb utilis\u00e9 pour l&rsquo;impression, c&rsquo;est <a title=\"Pantone\" href=\"http:\/\/fr.wikipedia.org\/wiki\/Pantone_%28entreprise%29\" target=\"_blank\">Pantone<\/a>.<\/p>\n<p style=\"text-align: justify;\">A l&rsquo;origine, des nuanciers r\u00e9pertorient des couleurs et surtout servent de base de r\u00e9f\u00e9rence pour ces couleurs. Les couleurs des nuanciers sont r\u00e9alis\u00e9es avec des pigments stables et nombreux de fa\u00e7on \u00e0 avoir des couleurs constantes et reproductibles. \u00c7a c&rsquo;est pour les r\u00e9f\u00e9rences.<\/p>\n<p style=\"text-align: justify;\">Pour la repr\u00e9sentation, un complexe syst\u00e8me de sondes colorim\u00e9triques et de profiles d&rsquo;affichages et d&rsquo;impression permet normalement de compenser les d\u00e9fauts des \u00e9crans et imprimantes. Ici, on veut calibrer au plus juste les couleurs affich\u00e9es et imprim\u00e9es sachant que leur perception par l&rsquo;\u00c5\u201cil humain d\u00e9pend aussi de l&rsquo;environnement lumineux. Et en plus il faut r\u00e9guli\u00e8rement recalibrer le tout puisque les appareils ne sont pas stables dans le temps. Bref, cela revient un peu \u00e0 essayer d&rsquo;ajuster le niveau d&rsquo;un verre d&rsquo;eau et de Pastis au centi\u00e8me de millim\u00e8tre pr\u00e8s dans un train en mouvement&#8230;<\/p>\n<p style=\"text-align: justify;\">Donc exercice pratique, rechercher la valeur de la couleur <em>Pantone 485<\/em> en <em>RVB<\/em> pour le logo <em>CRF<\/em>.<\/p>\n<p style=\"text-align: justify;\">On commence par une recherche sur Internet. Voici les diff\u00e9rents r\u00e9sultats pour cette couleur r\u00e9f\u00e9renc\u00e9e <em>Pantone<\/em> et assez classique :<\/p>\n<p style=\"text-align: center;\"><a href=\"\/wp-content\/uploads\/stephane\/2014\/06\/Capture-du-2014-06-22-130818.png\"><img decoding=\"async\" loading=\"lazy\" class=\"alignnone size-medium wp-image-1654\" src=\"\/wp-content\/uploads\/stephane\/2014\/06\/Capture-du-2014-06-22-130818-450x196.png\" alt=\"Capture du 2014-06-22 13:08:18\" width=\"450\" height=\"196\" srcset=\"\/wp-content\/uploads\/stephane\/2014\/06\/Capture-du-2014-06-22-130818-450x196.png 450w, \/wp-content\/uploads\/stephane\/2014\/06\/Capture-du-2014-06-22-130818-1024x447.png 1024w, \/wp-content\/uploads\/stephane\/2014\/06\/Capture-du-2014-06-22-130818.png 1898w\" sizes=\"(max-width: 450px) 100vw, 450px\" \/><\/a><\/p>\n<p style=\"text-align: justify;\">Et l\u00e0 c&rsquo;est le drame. Aucune des couleurs affich\u00e9es n&rsquo;est exactement identique. Ce n&rsquo;est pas ce que l&rsquo;on peut appeler une r\u00e9f\u00e9rence, loin de l\u00e0&#8230;<br \/>\nChaque convertisseur de couleurs retourne des valeurs certes proches&#8230; mais diff\u00e9rentes !<\/p>\n<p style=\"text-align: justify;\">Je ressorts un fascicule de la charte graphique <em>CRF<\/em> de juin 2007. Celui-ci ne r\u00e9f\u00e9rence que la couleur en <em>CMJN<\/em>, pas de r\u00e9f\u00e9rence en <em>RVB<\/em> \u00e0 c\u00f4t\u00e9, encore une valeur diff\u00e9rente.<br \/>\nIl y a les logos de r\u00e9f\u00e9rences \u00e0 utiliser pour l&rsquo;impression et pour les documents bureautique, tous un peu diff\u00e9rents&#8230;<br \/>\nSans compt\u00e9 que ces couleurs sont plus claires que le logo <em>CRF<\/em> des 150 ans que l&rsquo;on trouve sur diff\u00e9rents sites web.<\/p>\n<p style=\"text-align: justify;\">Bref, apr\u00e8s avoir pes\u00e9 valeurs et provenances, je me suis arr\u00eat\u00e9 sur la valeur <em>RVB<\/em> <strong>#ff0013<\/strong> :<\/p>\n<p style=\"text-align: center;\"><a href=\"\/wp-content\/uploads\/stephane\/2014\/06\/REF-PANTONE-485c-CRF.png\"><img decoding=\"async\" loading=\"lazy\" class=\"alignnone size-full wp-image-1655\" src=\"\/wp-content\/uploads\/stephane\/2014\/06\/REF-PANTONE-485c-CRF.png\" alt=\"REF PANTONE 485c CRF\" width=\"320\" height=\"470\" srcset=\"\/wp-content\/uploads\/stephane\/2014\/06\/REF-PANTONE-485c-CRF.png 320w, \/wp-content\/uploads\/stephane\/2014\/06\/REF-PANTONE-485c-CRF-306x450.png 306w\" sizes=\"(max-width: 320px) 100vw, 320px\" \/><\/a><\/p>\n<p style=\"text-align: justify;\">Le tout se d\u00e9cline en :<\/p>\n<p style=\"text-align: center;\"><a href=\"\/wp-content\/uploads\/stephane\/2014\/06\/512px_Logo_CRF_150ans.png\"><img decoding=\"async\" loading=\"lazy\" class=\"alignnone  wp-image-1658\" src=\"\/wp-content\/uploads\/stephane\/2014\/06\/512px_Logo_CRF_150ans.png\" alt=\"512px_Logo_CRF_150ans\" width=\"307\" height=\"182\" srcset=\"\/wp-content\/uploads\/stephane\/2014\/06\/512px_Logo_CRF_150ans.png 512w, \/wp-content\/uploads\/stephane\/2014\/06\/512px_Logo_CRF_150ans-450x266.png 450w\" sizes=\"(max-width: 307px) 100vw, 307px\" \/><\/a><\/p>\n<p style=\"text-align: center;\"><a href=\"\/wp-content\/uploads\/stephane\/2014\/06\/512px_Logo_reduit_150ans.png\"><img decoding=\"async\" loading=\"lazy\" class=\"alignnone  wp-image-1659\" src=\"\/wp-content\/uploads\/stephane\/2014\/06\/512px_Logo_reduit_150ans.png\" alt=\"512px_Logo_reduit_150ans\" width=\"307\" height=\"213\" srcset=\"\/wp-content\/uploads\/stephane\/2014\/06\/512px_Logo_reduit_150ans.png 512w, \/wp-content\/uploads\/stephane\/2014\/06\/512px_Logo_reduit_150ans-450x312.png 450w\" sizes=\"(max-width: 307px) 100vw, 307px\" \/><\/a><\/p>\n","protected":false},"excerpt":{"rendered":"<p>Je recherche par divers moyens le rouge officiel \u00e0 utiliser pour le logo de la croix-rouge fran\u00e7aise (CRF). Officiellement c&rsquo;est la couleur Pantone 485. Je commence par une rapide recherche sur Internet puis je compare avec un fascicule de la charte graphique de juin 2007. Vous avez d\u00e9j\u00e0 vu un syst\u00e8me dit de r\u00e9f\u00e9rence qui &hellip; <a href=\"http:\/\/stephane.weblog.starend.org\/?p=1653\" class=\"more-link\">Continuer la lecture de <span class=\"screen-reader-text\">Pantone 485 croix-rouge fran\u00e7aise<\/span> <span class=\"meta-nav\">&rarr;<\/span><\/a><\/p>\n","protected":false},"author":2,"featured_media":0,"comment_status":"open","ping_status":"open","sticky":false,"template":"","format":"standard","meta":[],"categories":[41,8,10],"tags":[121,132,294,339],"_links":{"self":[{"href":"http:\/\/stephane.weblog.starend.org\/index.php?rest_route=\/wp\/v2\/posts\/1653"}],"collection":[{"href":"http:\/\/stephane.weblog.starend.org\/index.php?rest_route=\/wp\/v2\/posts"}],"about":[{"href":"http:\/\/stephane.weblog.starend.org\/index.php?rest_route=\/wp\/v2\/types\/post"}],"author":[{"embeddable":true,"href":"http:\/\/stephane.weblog.starend.org\/index.php?rest_route=\/wp\/v2\/users\/2"}],"replies":[{"embeddable":true,"href":"http:\/\/stephane.weblog.starend.org\/index.php?rest_route=%2Fwp%2Fv2%2Fcomments&post=1653"}],"version-history":[{"count":1,"href":"http:\/\/stephane.weblog.starend.org\/index.php?rest_route=\/wp\/v2\/posts\/1653\/revisions"}],"predecessor-version":[{"id":2192,"href":"http:\/\/stephane.weblog.starend.org\/index.php?rest_route=\/wp\/v2\/posts\/1653\/revisions\/2192"}],"wp:attachment":[{"href":"http:\/\/stephane.weblog.starend.org\/index.php?rest_route=%2Fwp%2Fv2%2Fmedia&parent=1653"}],"wp:term":[{"taxonomy":"category","embeddable":true,"href":"http:\/\/stephane.weblog.starend.org\/index.php?rest_route=%2Fwp%2Fv2%2Fcategories&post=1653"},{"taxonomy":"post_tag","embeddable":true,"href":"http:\/\/stephane.weblog.starend.org\/index.php?rest_route=%2Fwp%2Fv2%2Ftags&post=1653"}],"curies":[{"name":"wp","href":"https:\/\/api.w.org\/{rel}","templated":true}]}}