{"id":16,"date":"2010-09-02T20:29:43","date_gmt":"2010-09-02T18:29:43","guid":{"rendered":"http:\/\/stephane.weblog.starend.org\/?p=16"},"modified":"2010-09-02T20:29:43","modified_gmt":"2010-09-02T18:29:43","slug":"rosee-du-matin","status":"publish","type":"post","link":"http:\/\/stephane.weblog.starend.org\/?p=16","title":{"rendered":"Ros\u00e9e du matin"},"content":{"rendered":"<p style=\"text-align: center;\"><a title=\"http:\/\/photo.starend.org\/photohttp:\/\/photo.starend.org\/photo.php?class=Flore&amp;photo=2010.08.21_img7888nbphp?class=Montagne&amp;photo=2010.08.19_img7738co\" href=\"http:\/\/photo.starend.org\/photo.php?class=Flore&amp;photo=2010.08.21_img7888nb\" target=\"_blank\"><img decoding=\"async\" loading=\"lazy\" style=\"border: 0;\" src=\"http:\/\/photo.starend.org\/photos\/2010.08.21_img7888nb\/_img.400x400.jpg\" alt=\"\" width=\"400\" height=\"400\" \/><\/a><\/p>\n<p id=\"photocomment\"><!--more-->La ros\u00e9e du matin sur la v\u00e9g\u00e9tation.<br \/>\nTermignon, Savoie, France.<\/p>\n<p id=\"photodate\">Date : 19 \/ 08 \/ 2010<br \/>\n<a title=\"http:\/\/photo.starend.org\/photohttp:\/\/photo.starend.org\/photo.php?class=Flore&amp;photo=2010.08.21_img7888nbphp?class=Montagne&amp;photo=2010.08.19_img7738co\" href=\"http:\/\/photo.starend.org\/photo.php?class=Flore&amp;photo=2010.08.21_img7888nb\">http:\/\/photo.starend.org\/photo.php?class=Flore&amp;photo=2010.08.21_img7888nb<\/a><br \/>\n<a title=\"http:\/\/photo.starend.org\/photo.php?class=Montagne&amp;photo=2010.08.19_img7738co\" href=\"http:\/\/photo.starend.org\/photo.php?class=Montagne&amp;photo=2010.08.19_img7738co\" target=\"_blank\"><\/a><\/p>\n","protected":false},"excerpt":{"rendered":"","protected":false},"author":2,"featured_media":0,"comment_status":"open","ping_status":"open","sticky":false,"template":"","format":"standard","meta":[],"categories":[46,19],"tags":[182,302,345,377],"_links":{"self":[{"href":"http:\/\/stephane.weblog.starend.org\/index.php?rest_route=\/wp\/v2\/posts\/16"}],"collection":[{"href":"http:\/\/stephane.weblog.starend.org\/index.php?rest_route=\/wp\/v2\/posts"}],"about":[{"href":"http:\/\/stephane.weblog.starend.org\/index.php?rest_route=\/wp\/v2\/types\/post"}],"author":[{"embeddable":true,"href":"http:\/\/stephane.weblog.starend.org\/index.php?rest_route=\/wp\/v2\/users\/2"}],"replies":[{"embeddable":true,"href":"http:\/\/stephane.weblog.starend.org\/index.php?rest_route=%2Fwp%2Fv2%2Fcomments&post=16"}],"version-history":[{"count":0,"href":"http:\/\/stephane.weblog.starend.org\/index.php?rest_route=\/wp\/v2\/posts\/16\/revisions"}],"wp:attachment":[{"href":"http:\/\/stephane.weblog.starend.org\/index.php?rest_route=%2Fwp%2Fv2%2Fmedia&parent=16"}],"wp:term":[{"taxonomy":"category","embeddable":true,"href":"http:\/\/stephane.weblog.starend.org\/index.php?rest_route=%2Fwp%2Fv2%2Fcategories&post=16"},{"taxonomy":"post_tag","embeddable":true,"href":"http:\/\/stephane.weblog.starend.org\/index.php?rest_route=%2Fwp%2Fv2%2Ftags&post=16"}],"curies":[{"name":"wp","href":"https:\/\/api.w.org\/{rel}","templated":true}]}}