{"id":1493,"date":"2014-01-21T01:06:03","date_gmt":"2014-01-20T23:06:03","guid":{"rendered":"http:\/\/stephane.weblog.starend.org\/?p=1493"},"modified":"2014-01-21T01:06:03","modified_gmt":"2014-01-20T23:06:03","slug":"nouvelles-photos-3","status":"publish","type":"post","link":"http:\/\/stephane.weblog.starend.org\/?p=1493","title":{"rendered":"Nouvelles photos"},"content":{"rendered":"<p>Ce soir, j&rsquo;ai trait\u00e9 quelques photos en retard de nos vacances&#8230;<\/p>\n<p>Ce sont des photos que j&rsquo;avais prises sp\u00e9cifiquement pour faire des panoramiques verticaux, sauf la derni\u00e8re :<\/p>\n<p style=\"text-align: center;\"><a href=\"\/wp-content\/uploads\/stephane\/2014\/01\/img.400x4003.jpg\"><img decoding=\"async\" loading=\"lazy\" class=\"alignnone size-full wp-image-1494\" alt=\"_img.400x400\" src=\"\/wp-content\/uploads\/stephane\/2014\/01\/img.400x4003.jpg\" width=\"133\" height=\"400\" \/><\/a><br \/>\n<a title=\"http:\/\/photo.starend.org\/photo.php?class=Montagne&amp;photo=2013.08.17img_8610co\" href=\"http:\/\/photo.starend.org\/photo.php?class=Montagne&amp;photo=2013.08.17img_8610co\" target=\"_blank\">2013.08.17img_8610co<\/a><\/p>\n<p style=\"text-align: center;\"><a href=\"\/wp-content\/uploads\/stephane\/2014\/01\/img.400x4004.jpg\"><img decoding=\"async\" loading=\"lazy\" class=\"alignnone size-full wp-image-1495\" alt=\"_img.400x400\" src=\"\/wp-content\/uploads\/stephane\/2014\/01\/img.400x4004.jpg\" width=\"133\" height=\"400\" \/><\/a><br \/>\n<a title=\"http:\/\/photo.starend.org\/photo.php?class=Montagne&amp;photo=2013.08.17img_8625co\" href=\"http:\/\/photo.starend.org\/photo.php?class=Montagne&amp;photo=2013.08.17img_8625co\" target=\"_blank\">2013.08.17img_8625co<\/a><\/p>\n<p style=\"text-align: center;\"><a href=\"\/wp-content\/uploads\/stephane\/2014\/01\/img.400x4005.jpg\"><img decoding=\"async\" loading=\"lazy\" class=\"alignnone size-full wp-image-1496\" alt=\"_img.400x400\" src=\"\/wp-content\/uploads\/stephane\/2014\/01\/img.400x4005.jpg\" width=\"134\" height=\"400\" \/><\/a><br \/>\n<a title=\"http:\/\/photo.starend.org\/photo.php?class=Montagne&amp;photo=2013.08.17img_8629co\" href=\"http:\/\/photo.starend.org\/photo.php?class=Montagne&amp;photo=2013.08.17img_8629co\" target=\"_blank\">2013.08.17img_8629co<\/a><\/p>\n<p style=\"text-align: center;\"><a href=\"\/wp-content\/uploads\/stephane\/2014\/01\/img.400x4006.jpg\"><img decoding=\"async\" loading=\"lazy\" class=\"alignnone size-full wp-image-1497\" alt=\"_img.400x400\" src=\"\/wp-content\/uploads\/stephane\/2014\/01\/img.400x4006.jpg\" width=\"134\" height=\"400\" \/><\/a><br \/>\n<a title=\"http:\/\/photo.starend.org\/photo.php?class=Montagne&amp;photo=2013.08.17img_8630co\" href=\"http:\/\/photo.starend.org\/photo.php?class=Montagne&amp;photo=2013.08.17img_8630co\" target=\"_blank\">2013.08.17img_8630co<\/a><\/p>\n<p style=\"text-align: center;\"><a href=\"\/wp-content\/uploads\/stephane\/2014\/01\/img.1024x10241.jpg\"><img decoding=\"async\" loading=\"lazy\" class=\"alignnone size-medium wp-image-1498\" alt=\"_img.1024x1024\" src=\"\/wp-content\/uploads\/stephane\/2014\/01\/img.1024x10241-450x210.jpg\" width=\"450\" height=\"210\" srcset=\"\/wp-content\/uploads\/stephane\/2014\/01\/img.1024x10241-450x210.jpg 450w, \/wp-content\/uploads\/stephane\/2014\/01\/img.1024x10241.jpg 1024w\" sizes=\"(max-width: 450px) 100vw, 450px\" \/><\/a><br \/>\n<a title=\"http:\/\/photo.starend.org\/photo.php?class=Montagne&amp;photo=2013.08.17img_8646pano\" href=\"http:\/\/photo.starend.org\/photo.php?class=Montagne&amp;photo=2013.08.17img_8646pano\" target=\"_blank\">2013.08.17img_8646pano<\/a><\/p>\n","protected":false},"excerpt":{"rendered":"<p>Ce soir, j&rsquo;ai trait\u00e9 quelques photos en retard de nos vacances&#8230; Ce sont des photos que j&rsquo;avais prises sp\u00e9cifiquement pour faire des panoramiques verticaux, sauf la derni\u00e8re : 2013.08.17img_8610co 2013.08.17img_8625co 2013.08.17img_8629co 2013.08.17img_8630co 2013.08.17img_8646pano<\/p>\n","protected":false},"author":2,"featured_media":0,"comment_status":"open","ping_status":"open","sticky":false,"template":"","format":"standard","meta":[],"categories":[51,19],"tags":[],"_links":{"self":[{"href":"http:\/\/stephane.weblog.starend.org\/index.php?rest_route=\/wp\/v2\/posts\/1493"}],"collection":[{"href":"http:\/\/stephane.weblog.starend.org\/index.php?rest_route=\/wp\/v2\/posts"}],"about":[{"href":"http:\/\/stephane.weblog.starend.org\/index.php?rest_route=\/wp\/v2\/types\/post"}],"author":[{"embeddable":true,"href":"http:\/\/stephane.weblog.starend.org\/index.php?rest_route=\/wp\/v2\/users\/2"}],"replies":[{"embeddable":true,"href":"http:\/\/stephane.weblog.starend.org\/index.php?rest_route=%2Fwp%2Fv2%2Fcomments&post=1493"}],"version-history":[{"count":0,"href":"http:\/\/stephane.weblog.starend.org\/index.php?rest_route=\/wp\/v2\/posts\/1493\/revisions"}],"wp:attachment":[{"href":"http:\/\/stephane.weblog.starend.org\/index.php?rest_route=%2Fwp%2Fv2%2Fmedia&parent=1493"}],"wp:term":[{"taxonomy":"category","embeddable":true,"href":"http:\/\/stephane.weblog.starend.org\/index.php?rest_route=%2Fwp%2Fv2%2Fcategories&post=1493"},{"taxonomy":"post_tag","embeddable":true,"href":"http:\/\/stephane.weblog.starend.org\/index.php?rest_route=%2Fwp%2Fv2%2Ftags&post=1493"}],"curies":[{"name":"wp","href":"https:\/\/api.w.org\/{rel}","templated":true}]}}